{"id":4720,"date":"2016-03-15T09:43:52","date_gmt":"2016-03-15T08:43:52","guid":{"rendered":"http:\/\/www.dailydisneyland.com\/?p=4720"},"modified":"2016-03-15T09:43:52","modified_gmt":"2016-03-15T08:43:52","slug":"celebrites-fetent-larrivee-printemps-a-disneyland-paris","status":"publish","type":"post","link":"https:\/\/guide-disneyland.com\/index.php\/2016\/03\/15\/celebrites-fetent-larrivee-printemps-a-disneyland-paris\/","title":{"rendered":"Les c\u00e9l\u00e9brit\u00e9s f\u00eatent l&#8217;arriv\u00e9e du Printemps \u00e0 Disneyland Paris !"},"content":{"rendered":"<p>Comme chaque ann\u00e9e, ou en chaque d\u00e9but de saison, les c\u00e9l\u00e9brit\u00e9s Fran\u00e7aises viennent inaugurer la nouvelle saison qui commence. Ce week-end, s&#8217;est tenu l&#8217;\u00e9v\u00e8nement presse d&#8217;ouverture de la saison du Printemps En-chant\u00e9 \u00e0 Disneyland Paris, les stars fran\u00e7aises \u00e9taient bien \u00e9videment de la partie et en ont profit\u00e9 pour retomber en enfance &#8230;<\/p>\n<p>&nbsp;<\/p>\n<p>Samedi dernier, le temps \u00e9tait id\u00e9al pour une belle journ\u00e9e de Printemps, \u00e0 Disneyland Paris, le soleil \u00e9tait de la partie tout comme les stars fran\u00e7aises. On a donc pu rencontrer parmi les stars convi\u00e9es, <em><strong>Nicolas Duvauchelle, Black M, Aur\u00e9lie Konat\u00e9, M\u00e9lissa Theuriau, Gabriel-Kane Day-Lewis, Lara Stone, Pierre-Fran\u00e7ois Martin-Laval, Barbara Schulz, Fran\u00e7ois Vincentelli et Caroline Ithurbide.\u00a0<\/strong><\/em><\/p>\n<p>&nbsp;<\/p>\n<p><strong>Black M<\/strong> en a profit\u00e9 pour retrouver son vieil ami Mickey. <strong>Gabriel-Kane Day-Lewis <\/strong>et <strong>Aur\u00e9lie Konat\u00e9 <\/strong>ont pu rencontrer leur favorite, Daisy ! <strong>Barbara Schulz<\/strong> a pris le temps de discuter avec la belle Marie des Aristochats tandis que <strong>Pierre-Fran\u00e7ois Martin-Laval <\/strong>s&#8217;amusait avec les deux plus mignons des \u00e9cureuils, Tic &amp; Tac.<img loading=\"lazy\" class=\"size-large wp-image-4721 aligncenter\" src=\"http:\/\/www.dailydisneyland.com\/wp-content\/uploads\/2016\/03\/Capture-d\u2019e\u0301cran-2016-03-15-a\u0300-09.18.34-1024x683.png\" alt=\"\" width=\"1024\" height=\"683\" \/><img loading=\"lazy\" class=\"size-large wp-image-4725 aligncenter\" src=\"http:\/\/www.dailydisneyland.com\/wp-content\/uploads\/2016\/03\/Capture-d\u2019e\u0301cran-2016-03-15-a\u0300-09.19.15-1024x683.png\" alt=\"\" width=\"1024\" height=\"683\" \/><img loading=\"lazy\" class=\"size-large wp-image-4722 aligncenter\" src=\"http:\/\/www.dailydisneyland.com\/wp-content\/uploads\/2016\/03\/Capture-d\u2019e\u0301cran-2016-03-15-a\u0300-09.18.46-1024x684.png\" alt=\"\" width=\"1024\" height=\"684\" \/><img loading=\"lazy\" class=\"size-large wp-image-4730 aligncenter\" src=\"http:\/\/www.dailydisneyland.com\/wp-content\/uploads\/2016\/03\/Capture-d\u2019e\u0301cran-2016-03-15-a\u0300-09.21.47-1024x668.png\" alt=\"\" width=\"1024\" height=\"668\" \/><\/p>\n<p>&nbsp;<\/p>\n<p><strong>Lara Stone<\/strong> a pass\u00e9 un agr\u00e9able moment en compagnie de Donald et Daisy. <strong>Fran\u00e7ois Vincentelli<\/strong> en a profit\u00e9 pour briefer Minnie avant son d\u00e9part en train. <strong>Caroline Ithurbide<\/strong> ne s&#8217;est pas laiss\u00e9e retarder par le Lapin Blanc d&#8217;Alice au Pays des Merveilles. Puis, <strong>Melissa Theuriau\u00a0<\/strong>et\u00a0<strong>Nicolas Duvauchelle<\/strong> ont pris le temps d&#8217;\u00eatre re\u00e7us par Alice et bien au Pays des Merveilles o\u00f9 ils ont pu s&#8217;amuser avec les surprenants \u0153ufs de P\u00e2ques.<\/p>\n<p><img loading=\"lazy\" class=\"size-large wp-image-4723 aligncenter\" src=\"http:\/\/www.dailydisneyland.com\/wp-content\/uploads\/2016\/03\/Capture-d\u2019e\u0301cran-2016-03-15-a\u0300-09.18.54-1024x671.png\" alt=\"\" width=\"1024\" height=\"671\" \/><img loading=\"lazy\" class=\"size-large wp-image-4726 aligncenter\" src=\"http:\/\/www.dailydisneyland.com\/wp-content\/uploads\/2016\/03\/Capture-d\u2019e\u0301cran-2016-03-15-a\u0300-09.20.02-1024x678.png\" alt=\"\" width=\"1024\" height=\"678\" \/><img loading=\"lazy\" class=\"size-large wp-image-4727 aligncenter\" src=\"http:\/\/www.dailydisneyland.com\/wp-content\/uploads\/2016\/03\/Capture-d\u2019e\u0301cran-2016-03-15-a\u0300-09.20.31-1024x677.png\" alt=\"\" width=\"1024\" height=\"677\" \/><\/p>\n<p>&nbsp;<\/p>\n<p>&nbsp;<\/p>\n<p>Les c\u00e9l\u00e9brit\u00e9s ont \u00e9galement assist\u00e9 \u00e0 la Garden Party de Dingo dont on rappelle son fabuleux concept :<\/p>\n<blockquote><p>Ce spectacle digne d\u2019un jardin extraordinaire est compos\u00e9 d\u2019une centaine d\u2019artistes qui rendent hommage aux merveilles de la nature. Dingo devient ma\u00eetre jardinier pour mener la cadence de ce show antimorosit\u00e9 pr\u00e9sent\u00e9\u00a0plusieurs fois par jour devant le <em>Ch\u00e2teau de la Belle au Bois Dormant<\/em>.<\/p>\n<p>Mickey, Minnie, Donald, Daisy, Pluto, Tic &amp; Tac, Pinocchio, Clarabelle et bien d\u2019autres encore se joignent \u00e0 lui pour un v\u00e9ritable carnaval aux couleurs printani\u00e8res. Mais ce n\u2019est pas tout. Alice et des h\u00e9ros du Pays des Merveilles sont \u00e9galement de la partie pour f\u00eater la nature et l\u2019\u00e9closion des fleurs, en attendant de retrouver leurs nouvelles aventures sur grand \u00e9cran.<\/p><\/blockquote>\n<p>&nbsp;<\/p>\n<p>&nbsp;<\/p>\n<p><img loading=\"lazy\" class=\"size-large wp-image-4731 aligncenter\" src=\"http:\/\/www.dailydisneyland.com\/wp-content\/uploads\/2016\/03\/Capture-d\u2019e\u0301cran-2016-03-15-a\u0300-09.22.04-1024x440.png\" alt=\"\" width=\"1024\" height=\"440\" \/><\/p>\n<p>N&#8217;attendez pas la date officielle du Printemps pour profiter de la saison et de ses bienfaits, jusqu&#8217;au 29 Mai, profitez du pouvoir des fleurs, les nombreux spectacles printaniers, le Petit Train du Printemps de Minnie, la Garden Party de Dingo, les rencontres en tenues printani\u00e8res avec les personnages et bien d&#8217;autres animations \u00e0 d\u00e9couvrir !<\/p>\n","protected":false},"excerpt":{"rendered":"<p>Comme chaque ann\u00e9e, ou en chaque d\u00e9but de saison, les c\u00e9l\u00e9brit\u00e9s Fran\u00e7aises viennent inaugurer la nouvelle saison qui commence. Ce week-end, s&#8217;est tenu l&#8217;\u00e9v\u00e8nement presse d&#8217;ouverture de la saison du Printemps En-chant\u00e9 \u00e0 Disneyland Paris, les stars fran\u00e7aises \u00e9taient bien [&hellip;]<\/p>\n","protected":false},"author":1,"featured_media":4729,"comment_status":"open","ping_status":"open","sticky":false,"template":"","format":"standard","meta":[],"categories":[14],"tags":[],"_links":{"self":[{"href":"https:\/\/guide-disneyland.com\/index.php\/wp-json\/wp\/v2\/posts\/4720"}],"collection":[{"href":"https:\/\/guide-disneyland.com\/index.php\/wp-json\/wp\/v2\/posts"}],"about":[{"href":"https:\/\/guide-disneyland.com\/index.php\/wp-json\/wp\/v2\/types\/post"}],"author":[{"embeddable":true,"href":"https:\/\/guide-disneyland.com\/index.php\/wp-json\/wp\/v2\/users\/1"}],"replies":[{"embeddable":true,"href":"https:\/\/guide-disneyland.com\/index.php\/wp-json\/wp\/v2\/comments?post=4720"}],"version-history":[{"count":0,"href":"https:\/\/guide-disneyland.com\/index.php\/wp-json\/wp\/v2\/posts\/4720\/revisions"}],"wp:featuredmedia":[{"embeddable":true,"href":"https:\/\/guide-disneyland.com\/index.php\/wp-json\/wp\/v2\/media\/4729"}],"wp:attachment":[{"href":"https:\/\/guide-disneyland.com\/index.php\/wp-json\/wp\/v2\/media?parent=4720"}],"wp:term":[{"taxonomy":"category","embeddable":true,"href":"https:\/\/guide-disneyland.com\/index.php\/wp-json\/wp\/v2\/categories?post=4720"},{"taxonomy":"post_tag","embeddable":true,"href":"https:\/\/guide-disneyland.com\/index.php\/wp-json\/wp\/v2\/tags?post=4720"}],"curies":[{"name":"wp","href":"https:\/\/api.w.org\/{rel}","templated":true}]}}