{"id":31723,"date":"2019-04-13T09:14:12","date_gmt":"2019-04-13T08:14:12","guid":{"rendered":"https:\/\/www.dailydisneyland.com\/?p=27948"},"modified":"2019-04-13T09:14:12","modified_gmt":"2019-04-13T08:14:12","slug":"les-annonces-de-la-soiree-insidears","status":"publish","type":"post","link":"https:\/\/guide-disneyland.com\/index.php\/2019\/04\/13\/les-annonces-de-la-soiree-insidears\/","title":{"rendered":"Les annonces de la soir\u00e9e Insidears"},"content":{"rendered":"\n\t\t\t\t<![CDATA[<p style=\"text-align: justify;\">\u00c0 l\u2019occasion du 27<sup>e<\/sup> anniversaire de la destination, Disneyland Paris a convi\u00e9 Daily Disneyland \u00e0 la conf\u00e9rence annuelle InsidEars et en a profit\u00e9 pour r\u00e9aliser quelques annonces. Nous vous r\u00e9sumons toutes les informations partag\u00e9es au cours de cette soir\u00e9e.<\/p>\n<p style=\"text-align: justify;\">Les Ambassadeurs de Disneyland Paris ont anim\u00e9 une discussion aux c\u00f4t\u00e9s de Daniel DELCOURT, directeur des op\u00e9rations de Disneyland Paris.<\/p>\n<p style=\"text-align: justify;\">Le directeur s\u2019est d\u2019abord exprim\u00e9 sur sa vision pour l\u2019avenir de Disneyland Paris. Daniel DELCOURT a affirm\u00e9 vouloir int\u00e9grer les \u00ab licences\u00a0\u00bb, les franchises, c\u2019est-\u00e0-dire les marques li\u00e9es aux personnages dans l\u2019ensemble des \u00e9l\u00e9ments du resort afin de proposer une exp\u00e9rience \u00ab\u00a0\u00e0 360 degr\u00e9s\u00a0\u00bb. Cela passera par les attractions, les spectacles, les offres de restauration, les h\u00f4tels, jusqu\u2019aux produits de salle de bain qui seront prochainement associ\u00e9s \u00e0 des personnages diff\u00e9rents selon les h\u00f4tels.<\/p>\n<p style=\"text-align: justify;\">\u00a0<\/p>\n<p style=\"text-align: justify;\">Il est \u00e9galement revenu sur la vari\u00e9t\u00e9 des \u00e9v\u00e8nements pr\u00e9vus cette ann\u00e9e \u00e0 Disneyland Paris, avec depuis Janvier la saison de la Force, le Festival Pirates et Princesses, la saison des Super-H\u00e9ros Marvel et \u00e0 venir le Festival du Roi Lion et de la Jungle, la Magical Pride, Disney Loves Jazz, Electroland, le Disneyland Paris Run Weekend, \u2026<\/p>\n<p style=\"text-align: justify;\">\u00a0<\/p>\n<p style=\"text-align: justify;\">En outre, Daniel Delcourt a annonc\u00e9 que l\u2019attraction Studio Tram Tour va entamer une profonde transformation pour adopter la franchise Cars. Elle rouvrira \u00e0 l\u2019\u00e9t\u00e9 2020, dans un version transform\u00e9e, et la gare de d\u00e9part sera d\u00e9plac\u00e9e de sa position actuelle. Elle devrait \u00eatre situ\u00e9e dans les bois derri\u00e8re Toy Story Playland et Ratatouille.<\/p>\n[caption id=\"attachment_27942\" align=\"aligncenter\" width=\"1024\"]<a href=\"https:\/\/res.cloudinary.com\/dkfk5ajqa\/image\/upload\/v1556698897\/UNADJUSTEDNONRAW_thumb_8484_fksnfp.jpg\"><img loading=\"lazy\" class=\"wp-image-27942 size-large\" src=\"https:\/\/res.cloudinary.com\/dkfk5ajqa\/image\/upload\/v1556698897\/UNADJUSTEDNONRAW_thumb_8484_fksnfp.jpg\" alt=\"daniel delcourt soriee insidears disneyland paris tram tour\" width=\"1024\" height=\"768\" \/><\/a> <em>Daniel Delcourt, annon\u00e7ant la transformation de Studio Tram Tour.<\/em>[\/caption]\n<p style=\"text-align: justify;\">La place lib\u00e9r\u00e9e laisserait ainsi la place au chantier du plan d\u2019expansion des Walt Disney Studios.<\/p>\n<p style=\"text-align: justify;\">\u00a0<\/p>\n<p style=\"text-align: justify;\">Apr\u00e8s avoir affirm\u00e9, l\u2019an pass\u00e9 que le plan de r\u00e9am\u00e9nagement du Disney Village \u00e9tait finalis\u00e9 \u00e0 \u00ab 90%\u00a0\u00bb, Daniel DELCOURT a ironis\u00e9 sur le retard de l\u2019annonce en pr\u00e9cisant que le projet \u00e9tait cette fois-ci finalis\u00e9 \u00ab\u00a0\u00e0 95%\u00a0\u00bb. Il esp\u00e8re pouvoir en pr\u00e9senter les d\u00e9tails lors de la conf\u00e9rence de l\u2019ann\u00e9e prochaine.<\/p>\n<p style=\"text-align: justify;\">\u00a0<\/p>\n<p style=\"text-align: justify;\">L\u2019annonce \u00e9tait attendue mais les d\u00e9tails incertains, le directeur des op\u00e9rations de Disneyland Paris a annonc\u00e9 que l\u2019attraction Phantom Manor rouvrirait le 3 Mai prochain, apr\u00e8s une r\u00e9novation qui aura dur\u00e9 plus d\u2019un an et 5 mois. L\u2019une des plus longues qu\u2019ait entrepris Disneyland Paris.<\/p>\n<p style=\"text-align: justify;\"><em>Plus de d\u00e9tails sur la r\u00e9ouverture de Phantom Manor plus bas dans cet article.<\/em><\/p>\n<p style=\"text-align: justify;\"><em>\u00a0<\/em><\/p>\n<p style=\"text-align: justify;\">Encore, diverses informations ont \u00e9t\u00e9 annonc\u00e9es\u00a0:<\/p>\n<ul style=\"text-align: justify;\">\n<li>Disneyland Paris lancera tr\u00e8s prochainement une nouvelle version de son application. Elle proposera les temps d\u2019attente aux restaurants, davantage d\u2019horaires de spectacles, des itin\u00e9raires, \u2026<\/li>\n<\/ul>\n<p><a href=\"https:\/\/res.cloudinary.com\/dkfk5ajqa\/image\/upload\/v1556698903\/UNADJUSTEDNONRAW_thumb_848e_mjdk3b.jpg\"><img loading=\"lazy\" class=\"aligncenter size-large wp-image-27939\" src=\"https:\/\/res.cloudinary.com\/dkfk5ajqa\/image\/upload\/v1556698903\/UNADJUSTEDNONRAW_thumb_848e_mjdk3b.jpg\" alt=\"disneyland paris app soiree insidears\" width=\"1024\" height=\"768\" \/><\/a><\/p>\n<p style=\"text-align: justify;\">D\u2019ici 3 ans, Disneyland Paris pr\u00e9voit d\u2019y int\u00e9grer<\/p>\n<ul style=\"text-align: justify;\">\n<li>De nouveaux tourniquets vont \u00eatre test\u00e9s au parc Walt Disney Studios \u00e0 partir de Juin. Si les tests sont concluants, ils seront install\u00e9s sur l\u2019ensemble des parcs.<\/li>\n<li>Le chantier du Mark Twain a pris du retard. Le bateau n\u00e9cessite d\u2019\u00eatre totalement d\u00e9mantel\u00e9 afin d\u2019\u00eatre remis \u00e0 neuf. Les travaux dureront deux ans.<\/li>\n<li>Le barbier de Main Street va \u00eatre d\u00e9plac\u00e9 dans Libery Aracde afin de laisser de la place pour qu\u2019Emporium puisse s\u2019agrandir l\u2019an prochain.<\/li>\n<\/ul>\n<p style=\"text-align: justify;\">\u00a0<\/p>\n<h2 style=\"text-align: justify;\"><strong>Festival du Roi Lion et de la Jungle<\/strong><\/h2>\n<p style=\"text-align: justify;\">Les \u00e9quipes de Disneyland Paris se sont succ\u00e9d\u00e9 sur sc\u00e8ne afin de nous pr\u00e9senter plus en d\u00e9tails la saison estivale de cette ann\u00e9e 2019.<\/p>\n<p style=\"text-align: justify;\">\u00a0<\/p>\n<p style=\"text-align: justify;\">La saison comptera trois spectacles.<\/p>\n<ul style=\"text-align: justify;\">\n<li>Le Frontierland Theater accueillera \u00ab\u00a0le Roi Lion et les rythmes de la terre\u00a0\u00bb. Le show m\u00ealera \u00e0 la fois des chanteurs live, des danseurs, des acrobates, des percussionnistes, \u2026 La salle a \u00e9t\u00e9 \u00e9quip\u00e9e d\u2019une technique nouvelle g\u00e9n\u00e9ration. Elle disposera d\u2019un syst\u00e8me sonore \u00e0 360 degr\u00e9s, qui n\u2019a \u00e9t\u00e9 d\u00e9clin\u00e9 que dans trois lieux au monde pour le moment, permettant ainsi une immersion des plus totales. Les personnages seront des \u00ab\u00a0face characters\u00a0\u00bb interpr\u00e9t\u00e9s par des humains. La sc\u00e8ne prendra la forme d\u2019un tam-tam g\u00e9ant.<\/li>\n<\/ul>\n[caption id=\"attachment_28086\" align=\"aligncenter\" width=\"1024\"]<a href=\"https:\/\/www.dailydisneyland.com\/wp-content\/uploads\/2019\/04\/DSC_1323.jpg\"><img loading=\"lazy\" class=\"size-large wp-image-28086\" src=\"https:\/\/www.dailydisneyland.com\/wp-content\/uploads\/2019\/04\/DSC_1323-1024x683.jpg\" alt=\"Concept-art de la sc\u00e8ne du spectacle.\" width=\"1024\" height=\"683\" \/><\/a> Concept-art de la sc\u00e8ne du spectacle.[\/caption]\n<ul style=\"text-align: justify;\">\n<li>\u00ab\u00a0Jungle Book Jive\u00a0\u00bb sera l\u2019autre gros point phare de cette saison. Reprenant les codes qui ont fait le succ\u00e8s de Pirates, Princesses, \u00e0 la crois\u00e9e des chemins, le spectacle c\u00e9l\u00e8brera la culture indienne, la musique et le Livre de la Jungle. Des structures mobiles prenant tant\u00f4t la forme d\u2019animaux que de v\u00e9hicules chemineront vers Central Plaza, sur une musique rythm\u00e9e.<\/li>\n<\/ul>\n[caption id=\"attachment_28087\" align=\"aligncenter\" width=\"1024\"]<a href=\"https:\/\/www.dailydisneyland.com\/wp-content\/uploads\/2019\/04\/DSC_1326.jpg\"><img loading=\"lazy\" class=\"wp-image-28087 size-large\" src=\"https:\/\/www.dailydisneyland.com\/wp-content\/uploads\/2019\/04\/DSC_1326-1024x683.jpg\" alt=\"\" width=\"1024\" height=\"683\" \/><\/a> Aper\u00e7u des v\u00e9hicules du spectacle.[\/caption]\n[caption id=\"attachment_28088\" align=\"aligncenter\" width=\"1024\"]<a href=\"https:\/\/www.dailydisneyland.com\/wp-content\/uploads\/2019\/04\/DSC_1327.jpg\"><img loading=\"lazy\" class=\"size-large wp-image-28088\" src=\"https:\/\/www.dailydisneyland.com\/wp-content\/uploads\/2019\/04\/DSC_1327-1024x683.jpg\" alt=\"Aper\u00e7u des mobiles-animaux du spectacle.\" width=\"1024\" height=\"683\" \/><\/a> Aper\u00e7u des mobiles-animaux du spectacle.[\/caption]\n<ul style=\"text-align: justify;\">\n<li>\u00ab\u00a0Timon &amp; Pumba mata dance\u00a0\u00bb<\/li>\n<\/ul>\n<p style=\"text-align: justify;\">\u00a0<\/p>\n<p style=\"text-align: justify;\">Le village situ\u00e9 pr\u00e8s de Frontierland Station sera reth\u00e9matis\u00e9 autour du th\u00e8me du Roi Lion.<\/p>\n<p style=\"text-align: justify;\">\u00a0<\/p>\n<p style=\"text-align: justify;\">Un extrait musical du show a \u00e9t\u00e9 d\u00e9voil\u00e9, vous pouvez l\u2019\u00e9couter dans le Tweet ci-dessous.<\/p>\n<p><blockquote class=\"twitter-tweet\" data-width=\"500\" data-dnt=\"true\"><p lang=\"fr\" dir=\"ltr\">Le spectacle \u00ab\u00a0Le Roi Lion et les rythmes de la terre\u00a0\u00bb, comprendra des acrobates, des percussions, du chant en live, dans la nouvelle version du Chaparral Theater. <br>D\u00e9couvrez un extrait de la chanson phare du spectacle.<a href=\"https:\/\/twitter.com\/hashtag\/DLPInsidEars?src=hash&amp;ref_src=twsrc%5Etfw\">#DLPInsidEars<\/a> <a href=\"https:\/\/t.co\/1tvrkpvcMS\">pic.twitter.com\/1tvrkpvcMS<\/a><\/p>&mdash; Daily Disneyland (@Daily_DLP) <a href=\"https:\/\/twitter.com\/Daily_DLP\/status\/1116802162766548992?ref_src=twsrc%5Etfw\">April 12, 2019<\/a><\/blockquote><script async src=\"https:\/\/platform.twitter.com\/widgets.js\" charset=\"utf-8\"><\/script><\/p>\n<p>\u00a0<\/p>\n<h2 style=\"text-align: justify;\"><strong>Phantom Manor<\/strong><\/h2>\n<p style=\"text-align: justify;\">Parmi les invit\u00e9s-surprise de cette soir\u00e9e figurait Tom Fitzgerald, l\u2019un des Imagineers les plus embl\u00e9matiques. Il est venu partager son travail autour de la r\u00e9habilitation de Phantom Manor.<\/p>\n[caption id=\"attachment_28092\" align=\"aligncenter\" width=\"1024\"]<a href=\"https:\/\/www.dailydisneyland.com\/wp-content\/uploads\/2019\/04\/DSC_1340.jpg\"><img loading=\"lazy\" class=\"size-large wp-image-28092\" src=\"https:\/\/www.dailydisneyland.com\/wp-content\/uploads\/2019\/04\/DSC_1340-1024x683.jpg\" alt=\"\" width=\"1024\" height=\"683\" \/><\/a> Tom Fitzgerlad, le 12 Avril, \u00e0 Disneyland Paris.[\/caption]\n<p style=\"text-align: justify;\">Il a d\u2019abord pr\u00e9sent\u00e9 les quelques nouveaux portraits qui seront prochainement rajout\u00e9s dans l\u2019ascenseur du manoir et dans les couloirs menant \u00e0 l\u2019embarquement.<\/p>\n<p style=\"text-align: justify;\">\u00c0 l\u2019int\u00e9rieur, l\u2019ensemble de l\u2019\u00e9clairage a \u00e9t\u00e9 revu, la derni\u00e8re sc\u00e8ne a \u00e9t\u00e9 refaite. De nouvelles boucles audio ont \u00e9t\u00e9 ajout\u00e9es.<\/p>\n<p style=\"text-align: justify;\">Concernant la storyline, il a pr\u00e9cis\u00e9 que le fant\u00f4me de l\u2019attraction \u00e9tait bel et bien Henry Ravenswood, le p\u00e8re de M\u00e9lanie.<\/p>\n<p style=\"text-align: justify;\">\u00a0<\/p>\n<p style=\"text-align: justify;\">Disneyland Paris a \u00e9galement r\u00e9v\u00e9l\u00e9 un teaser de la r\u00e9ouverture de son attraction.<\/p>\n<p><blockquote class=\"twitter-tweet\" data-width=\"500\" data-dnt=\"true\"><p lang=\"fr\" dir=\"ltr\">D\u00e9couvrez le teaser de r\u00e9ouverture de Phantom Manor, d\u00e9voil\u00e9 ce soir, \u00e0 la conf\u00e9rence <a href=\"https:\/\/twitter.com\/hashtag\/DLPInsidEars?src=hash&amp;ref_src=twsrc%5Etfw\">#DLPInsidEars<\/a><br> <a href=\"https:\/\/t.co\/nzhrqaoapp\">pic.twitter.com\/nzhrqaoapp<\/a><\/p>&mdash; Daily Disneyland (@Daily_DLP) <a href=\"https:\/\/twitter.com\/Daily_DLP\/status\/1116829642604843009?ref_src=twsrc%5Etfw\">April 12, 2019<\/a><\/blockquote><script async src=\"https:\/\/platform.twitter.com\/widgets.js\" charset=\"utf-8\"><\/script><\/p>\n<p>\u00a0<\/p>\n<p style=\"text-align: justify;\">\u00a0<\/p>\n<h2 style=\"text-align: justify;\">\u00a0<\/h2>\n<h2 style=\"text-align: justify;\"><strong>La Reine des Neiges \u2013 Animation Celebration<\/strong><\/h2>\n<p style=\"text-align: justify;\">\u00c0 l\u2019occasion de la sortie du second volet du film d\u2019animation \u00e0 succ\u00e8s La Reine des Neiges, Disneyland Paris inaugurera pour sa saison de No\u00ebl une toute nouvelle exp\u00e9rience au sein du b\u00e2timent Art of Animation.<\/p>\n<p style=\"text-align: justify;\">Il s\u2019agit d\u2019un spectacle en deux temps, dans une premi\u00e8re salle en compagnie d\u2019Anna et Kristoff et dans la seconde salle pour chanter aux c\u00f4t\u00e9s d\u2019Elsa. Puis les visiteurs pourront rencontrer Olaf.<\/p>\n<p style=\"text-align: justify;\">Deux aper\u00e7us des d\u00e9cors ont \u00e9t\u00e9 d\u00e9voil\u00e9s.<\/p>\n[caption id=\"attachment_28090\" align=\"aligncenter\" width=\"1024\"]<a href=\"https:\/\/www.dailydisneyland.com\/wp-content\/uploads\/2019\/04\/DSC_1336.jpg\"><img loading=\"lazy\" class=\"size-large wp-image-28090\" src=\"https:\/\/www.dailydisneyland.com\/wp-content\/uploads\/2019\/04\/DSC_1336-1024x683.jpg\" alt=\"La premi\u00e8re sc\u00e8ne de l'exp\u00e9rience r\u00e9unira Ana et Kristoff.\" width=\"1024\" height=\"683\" \/><\/a> La premi\u00e8re sc\u00e8ne de l&#8217;exp\u00e9rience r\u00e9unira Ana et Kristoff.[\/caption]\n[caption id=\"attachment_28091\" align=\"aligncenter\" width=\"1024\"]<a href=\"https:\/\/www.dailydisneyland.com\/wp-content\/uploads\/2019\/04\/DSC_1338.jpg\"><img loading=\"lazy\" class=\"size-large wp-image-28091\" src=\"https:\/\/www.dailydisneyland.com\/wp-content\/uploads\/2019\/04\/DSC_1338-1024x683.jpg\" alt=\"La deuxi\u00e8me sera centr\u00e9e autour du personnage d'Elsa.\" width=\"1024\" height=\"683\" \/><\/a> La deuxi\u00e8me sera centr\u00e9e autour du personnage d&#8217;Elsa.[\/caption]\n<h2 style=\"text-align: justify;\"><strong>Marvel \u00e0 Disneyland Paris<\/strong><\/h2>\n<p style=\"text-align: justify;\">Quelques d\u00e9tails ont \u00e9t\u00e9 d\u00e9voil\u00e9s concernant l\u2019arriv\u00e9e de la franchise Marvel \u00e0 Disneyland Paris. \u00c0 cette occasion, plusieurs Imagineers de Marvel Portfolio, venus sp\u00e9cialement des Etats-Unis, ont pris la parole.<\/p>\n<p style=\"text-align: justify;\">\u00a0<\/p>\n<p style=\"text-align: justify;\">Ils ont justifi\u00e9 l\u2019implantation du Marvel Land dans le parc Walt Disney Studios comme si le parc \u00e9tait, dans les ann\u00e9es 50 une base de Tony Stark, r\u00e9cemment r\u00e9habilit\u00e9e en quartier g\u00e9n\u00e9ral europ\u00e9en des Avengers. Aucun d\u00e9tail suppl\u00e9mentaire n\u2019a \u00e9t\u00e9 r\u00e9v\u00e9l\u00e9 quant au contenu du land en lui-m\u00eame. Il faudra attendre la D23 Expo de cet \u00e9t\u00e9 pour esp\u00e9rer quelques annonces, potentiellement conjointes avec Disneyland Resort.<\/p>\n<p style=\"text-align: justify;\">\u00a0<\/p>\n<p style=\"text-align: justify;\">Enfin, les concepteurs se sont surtout \u00e9ternis\u00e9s autour du Disney\u2019s Hotel New York \u2013 The art of Marvel. Une grande partie de la pr\u00e9sentation consistait en la r\u00e9p\u00e9tition d\u2019annonces ayant d\u00e9j\u00e0 \u00e9t\u00e9 communiqu\u00e9es. Les \u00e9quipes Marvel ont d\u00e9voil\u00e9 quelques aper\u00e7us des affiches qui orneront les murs. Encore, il a \u00e9t\u00e9 pr\u00e9cis\u00e9 que chaque \u00e9tage de l\u2019h\u00f4tel serait consacr\u00e9 \u00e0 un personnage en particulier.<\/p>\n<p style=\"text-align: justify;\"><a href=\"https:\/\/res.cloudinary.com\/dkfk5ajqa\/image\/upload\/v1556698909\/IMG_5178_n6dplb.jpg\"><img loading=\"lazy\" class=\"aligncenter size-large wp-image-27937\" src=\"https:\/\/res.cloudinary.com\/dkfk5ajqa\/image\/upload\/h_768,w_1024\/v1556698909\/IMG_5178_n6dplb.jpg\" alt=\"disney hotel new york the art of marvel disneyland paris\" width=\"1024\" height=\"768\" \/><\/a><\/p>\n<p style=\"text-align: justify;\">\u00a0<\/p>\n[caption id=\"attachment_28093\" align=\"aligncenter\" width=\"1024\"]<a href=\"https:\/\/www.dailydisneyland.com\/wp-content\/uploads\/2019\/04\/DSC_1368.jpg\"><img loading=\"lazy\" class=\"wp-image-28093 size-large\" src=\"https:\/\/www.dailydisneyland.com\/wp-content\/uploads\/2019\/04\/DSC_1368-1024x683.jpg\" alt=\"Quelques uns des cadres qui seront affich\u00e9s.\" width=\"1024\" height=\"683\" \/><\/a> Quelques uns des cadres qui seront affich\u00e9s.[\/caption]\n<p style=\"text-align: justify;\">Les \u00e9quipes merchandise de Disneyland Paris sont \u00e9galement intervenues afin de pr\u00e9senter les nouveaut\u00e9s qui gagneront les boutiques dans les prochaines semaines\u00a0: \u00e0 savoir le Livre sur Phantom Manor, une cl\u00e9 in\u00e9dite Star Tours, les collections du Festival du Roi lion et de la jungle, \u2026<\/p>\n<p style=\"text-align: justify;\">\u00a0<\/p>\n<p style=\"text-align: justify;\"><strong>Voil\u00e0 pour les annonces de cette deuxi\u00e8me grande conf\u00e9rence Insidears. Si tr\u00e8s peu de d\u00e9tails ont \u00e9t\u00e9 d\u00e9voil\u00e9s concernant le plan d\u2019expansion du parc Walt Disney Studios comme l\u2019auraient esp\u00e9r\u00e9 beaucoup de fans, Disneyland Paris a profit\u00e9 de cette soir\u00e9e pour lever le voile sur diverses annonces et nouveaut\u00e9s. Nous remercions chaleureusement l\u2019\u00e9quipe InsidEars pour leur invitation et reviendrons avec plaisir \u00e0 la conf\u00e9rence l\u2019an prochain.<\/strong><\/p>\n\n<p><\/p>\n]]>\t\t","protected":false},"excerpt":{"rendered":"<p>\t\t\t\t<![CDATA[]]>\t\t<\/p>\n","protected":false},"author":1,"featured_media":28085,"comment_status":"open","ping_status":"open","sticky":false,"template":"","format":"standard","meta":[],"categories":[14],"tags":[471,568,764,1084,1133,1135],"_links":{"self":[{"href":"https:\/\/guide-disneyland.com\/index.php\/wp-json\/wp\/v2\/posts\/31723"}],"collection":[{"href":"https:\/\/guide-disneyland.com\/index.php\/wp-json\/wp\/v2\/posts"}],"about":[{"href":"https:\/\/guide-disneyland.com\/index.php\/wp-json\/wp\/v2\/types\/post"}],"author":[{"embeddable":true,"href":"https:\/\/guide-disneyland.com\/index.php\/wp-json\/wp\/v2\/users\/1"}],"replies":[{"embeddable":true,"href":"https:\/\/guide-disneyland.com\/index.php\/wp-json\/wp\/v2\/comments?post=31723"}],"version-history":[{"count":0,"href":"https:\/\/guide-disneyland.com\/index.php\/wp-json\/wp\/v2\/posts\/31723\/revisions"}],"wp:featuredmedia":[{"embeddable":true,"href":"https:\/\/guide-disneyland.com\/index.php\/wp-json\/wp\/v2\/media\/28085"}],"wp:attachment":[{"href":"https:\/\/guide-disneyland.com\/index.php\/wp-json\/wp\/v2\/media?parent=31723"}],"wp:term":[{"taxonomy":"category","embeddable":true,"href":"https:\/\/guide-disneyland.com\/index.php\/wp-json\/wp\/v2\/categories?post=31723"},{"taxonomy":"post_tag","embeddable":true,"href":"https:\/\/guide-disneyland.com\/index.php\/wp-json\/wp\/v2\/tags?post=31723"}],"curies":[{"name":"wp","href":"https:\/\/api.w.org\/{rel}","templated":true}]}}