{"id":22897,"date":"2018-06-29T17:28:26","date_gmt":"2018-06-29T16:28:26","guid":{"rendered":"http:\/\/www.dailydisneyland.com\/?p=22897"},"modified":"2018-06-29T17:28:26","modified_gmt":"2018-06-29T16:28:26","slug":"indestructibles-2-entretien-lequipe-film-voix-francaises","status":"publish","type":"post","link":"https:\/\/guide-disneyland.com\/index.php\/2018\/06\/29\/indestructibles-2-entretien-lequipe-film-voix-francaises\/","title":{"rendered":"Les Indestructibles 2 : Entretien avec l&#8217;\u00e9quipe du film et les voix fran\u00e7aises"},"content":{"rendered":"<p style=\"text-align: justify\">Nous avons eu la chance de pouvoir participer \u00e0 deux \u00e9v\u00e9nements presses \u00e0 propos du dernier-n\u00e9 des studios Pixar : <em>Les Indestructibles 2<\/em> ! Ainsi, le 14 juin 2018, nous avons pu rencontrer Brad Bird (r\u00e9alisateur), Nicole Paradis Grindle (productrice) et John Walker (producteur). Ensuite, le 19 juin 2018, c&#8217;\u00e9tait au tour de G\u00e9rard Lanvin (VF de Mr. Indestructible), Amanda Lear (VF de Edna Mode) et Louane (VF de Violette Parr) de se faire interroger par la presse.<\/p>\n<h2 style=\"text-align: justify\">Entretien avec l&#8217;\u00e9quipe du film<\/h2>\n<p style=\"text-align: justify\"><a href=\"http:\/\/www.dailydisneyland.com\/wp-content\/uploads\/2018\/06\/20180614_140139.jpg\"><img loading=\"lazy\" class=\"size-medium wp-image-22916 aligncenter\" src=\"http:\/\/www.dailydisneyland.com\/wp-content\/uploads\/2018\/06\/20180614_140139-300x169.jpg\" alt=\"\" width=\"300\" height=\"169\"><\/a><\/p>\n<p style=\"text-align: justify\">L&#8217;\u00e9quipe du film compos\u00e9e de Brad Bird et des deux producteurs nous confiait que faire \u00e0 la fois un film de super-h\u00e9ros et de famille \u00e9tait un challenge. On apprend que les pouvoirs sont symboliques. En effet, Violette, qui est une adolescente timide et r\u00e9serv\u00e9e veut se cacher derri\u00e8re ses champs de force.<\/p>\n<p style=\"text-align: justify\">L&#8217;autre d\u00e9fi de taille \u00e9tait le fait qu&#8217;entre le premier film des Indestructibles et le second opus, il y a eu des dizaines de films de super-h\u00e9ros qui sont sortis. Brad Bird nous expliquait qu&#8217;il avait peur que cette suite soit une overdose pour le public. Il a donc r\u00e9fl\u00e9chi une bonne heure tout seul avant de d\u00e9cider de valider le lancement de cette suite. De plus, ce projet n&#8217;aurai jamais vu le jour sans John Lasseter car Disney \u00e9tait r\u00e9ticent quant \u00e0 l&#8217;id\u00e9e de faire une suite.<\/p>\n<p style=\"text-align: justify\">Brad Bird a sa patte artistique et sa mani\u00e8re de faire, cela vaut pour tout les r\u00e9alisateurs chez Pixar, que ce soit Lee Unkrich ou Pete Docter.&nbsp;Il a&nbsp;beaucoup de reconnaissance pour John Lasseter. Par ailleurs, Domee Shi, la r\u00e9alisatrice et sc\u00e9nariste du court-m\u00e9trage Bao va r\u00e9aliser son propre long-m\u00e9trage d&#8217;animation Pixar dans le futur.<\/p>\n<p style=\"text-align: justify\">La sc\u00e8ne entre Jack-Jack et le raton-laveur \u00e9tait une id\u00e9e de Teddy Newton, et cette sc\u00e8ne devait figurer dans le premier film. Brad Bird nous parle ensuite de ses inspirations, il a \u00e9t\u00e9 tr\u00e8s influenc\u00e9 par les&nbsp;s\u00e9ries anim\u00e9s des ann\u00e9es 60 mais pas ceux des ann\u00e9es 70 qu&#8217;il trouve mauvais. Il s&#8217;est alors inspir\u00e9 des films d&#8217;espionnage o\u00f9 les m\u00e9chants avaient plein de gadgets.&nbsp;<\/p>\n<p style=\"text-align: justify\">Une question est ensuite pos\u00e9e \u00e0 l&#8217;\u00e9quipe quant \u00e0 la possibilit\u00e9 d&#8217;un troisi\u00e8me opus. Ils ne savent pas encore si il y aura un troisi\u00e8me opus cependant, le r\u00e9alisateur nous a fait part de ses craintes lorsqu&#8217;il lisait sur internet les attentes tr\u00e8s \u00e9lev\u00e9es du public. En parlant de projets, Brad Bird avait \u00e9t\u00e9 contact\u00e9 plusieurs fois pour r\u00e9aliser des films de super-h\u00e9ros mais il a syst\u00e9matiquement refus\u00e9 car il a d\u00e9j\u00e0 ses propres super-h\u00e9ros, la famille Parr (alias les Indestructibles).<\/p>\n<p style=\"text-align: justify\">Pour finir, une derni\u00e8re confession de Brad Bird : Il pr\u00e9f\u00e8re le m\u00e9chant du premier opus, Syndrome, plut\u00f4t que celui du second. Pour l&#8217;\u00e9quipe du film, un bon m\u00e9chant se d\u00e9finit par un point de vue cr\u00e9dible et compr\u00e9hensible.<\/p>\n<h2 style=\"text-align: justify\">Entretien avec les voix fran\u00e7aises<\/h2>\n<p style=\"text-align: justify\">(Presse) Qu&#8217;est ce que \u00e7a fait de retrouver vos personnages 14 ans apr\u00e8s ?<\/p>\n<p style=\"text-align: justify\">&#8211; Amanda Lear : Quand j&#8217;ai interpr\u00e9t\u00e9 cette bonne femme assez d\u00e9sagr\u00e9able, les gens me disaient que c&#8217;\u00e9tait mon meilleur r\u00f4le, qu&#8217;il fallait absolument que je refasse Edna. On attendait donc avec impatience le retour de ces personnages.<\/p>\n<p style=\"text-align: justify\"><a href=\"http:\/\/www.dailydisneyland.com\/wp-content\/uploads\/2018\/06\/20180619_142320-e1530287731419.jpg\"><img loading=\"lazy\" class=\"size-medium wp-image-22917 aligncenter\" src=\"http:\/\/www.dailydisneyland.com\/wp-content\/uploads\/2018\/06\/20180619_142320-e1530287731419-169x300.jpg\" alt=\"\" width=\"169\" height=\"300\"><\/a><\/p>\n<p style=\"text-align: justify\">(Presse) Vous vous souvenez de votre premi\u00e8re rencontre avec Edna ?<\/p>\n<p style=\"text-align: justify\">&#8211; Amanda Lear : Au d\u00e9part je la trouvais moche, je n&#8217;avais pas compris puisqu&#8217;on a toujours tendance \u00e0 croire qu&#8217;il faut que l&#8217;on ressemble au personnage. Evidemment, comme \u00e7a n&#8217;est pas le cas, j&#8217;imaginais pas une seconde que je pouvais rentrer dans son caract\u00e8re bien tremp\u00e9 qui ne supporte pas la contradiction, mais cela s&#8217;est tr\u00e8s bien pass\u00e9.<\/p>\n<p style=\"text-align: justify\">(Presse) Louane, racontez-nous comment \u00e7a se passe, comment on est appel\u00e9e pour interpr\u00e9ter Violette ?<\/p>\n<p style=\"text-align: justify\">&#8211; Louane : D&#8217;abord,&nbsp;Disney France savait que j&#8217;avais tr\u00e8s envie de travailler avec eux. Ils m&#8217;ont demand\u00e9 de faire des essais, j&#8217;ai alors p\u00e9t\u00e9 un c\u00e2ble. Cela se traduit par appeler ses s\u0153urs en criant &#8220;Je suis en train de r\u00e9aliser le plus beau r\u00eave de ma vie !&#8221; et qu&#8217;elles me r\u00e9pondent &#8220;Disney ?!&#8221;. C&#8217;est un gros sentiment de fiert\u00e9.<\/p>\n<p style=\"text-align: justify\">(Presse) Pensez-vous que vos voix respectives ont un super-pouvoir ?<\/p>\n<p style=\"text-align: justify\">&#8211; Louane : (Rires) Ah, \u00e7a c&#8217;est une question pour G\u00e9rard !<\/p>\n<p style=\"text-align: justify\">&#8211; G\u00e9rard Lanvin : Oui, je pense que nous avons des voix, c&#8217;est un don, et on s&#8217;en sert. En fait, on nous l&#8217;a fait d\u00e9couvrir et c&#8217;est \u00e0 ce moment l\u00e0 que l&#8217;on prend consience que la voix, pour un acteur, est vraiment fondamentale parce qu&#8217;elle fait la diff\u00e9rence.&nbsp;<\/p>\n<p style=\"text-align: justify\">&#8211; Amanda Lear : Il y a des voix qui vous calment, qui vous g\u00e9risse, qui vous donnent des \u00e9rections instatan\u00e9es (rires), \u00e7a d\u00e9pend des voix.<\/p>\n<p style=\"text-align: justify\">&#8211; G\u00e9rard Lanvin : Oui, la mienne ! (Rires)<\/p>\n<p style=\"text-align: justify\">&#8211; Louane : Pour moi c&#8217;est diff\u00e9rent parce que j&#8217;ai vraiment commenc\u00e9 par la musique parce que j&#8217;aime \u00e7a. Je n&#8217;ai pas compris tout de suite ce que je pouvais faire avec, mais on le comprend en regardant le visage des gens, je crois.&nbsp;<\/p>\n<p style=\"text-align: justify\">(Presse) Avez-vous l&#8217;impression d&#8217;\u00eatre indestructible d&#8217;une fa\u00e7on ou d&#8217;une autre ?<\/p>\n<p style=\"text-align: justify\">&#8211; Amanda Lear : Je vous r\u00e9pond directement, oui. On est dans une soci\u00e9t\u00e9 o\u00f9 on essaye facilement de nous d\u00e9truire avec les probl\u00e8mes, les jalousies, les rivalit\u00e9s&#8230; Donc on pourrait tr\u00e8s facilement se laisser d\u00e9truire, c&#8217;est ce qu&#8217;on appelle le burn out. Il faut donc s&#8217;efforcer mentalement \u00e0 \u00eatre indestructible. M\u00eame si moi, je ne suis pas indestructible, j&#8217;essaie.<\/p>\n<p style=\"text-align: justify\">&#8211; Louane : Je pense que mon indestructibilit\u00e9 est due \u00e0 mon entourage, ma famille, mes amis, les gens avec qui je travaille, c&#8217;est ma plus grande force je pense.<\/p>\n<p style=\"text-align: justify\">(Presse) En m\u00eame temps, un artiste, il a des failles, c&#8217;est ce qui le d\u00e9finit non ?<\/p>\n<p style=\"text-align: justify\">&#8211; G\u00e9rard Lanvin : Il en faut ! Un artiste n&#8217;est pas s\u00fbr de lui. Lorsque l&#8217;on critique le travail que l&#8217;on fait, on l&#8217;admet totalement mais il faut savoir que ce soit Amanda, Louane ou moi, nous faisons juste un boulot pour faire plaisir aux autres, pour distraire les gens, cela ne m\u00e9rite pas forc\u00e9ment la m\u00e9chancet\u00e9 et la critique obligatoire. J&#8217;ai personnellement beaucoup d\u2019admiration pour Amanda Lear car c&#8217;est une personne qui \u00e9volue dans un syst\u00e8me difficile, elle a toujours \u00e9t\u00e9 pr\u00e9sente avec beaucoup de recul et de fragilit\u00e9 mais aussi de force. Je souhaite le m\u00eame parcours \u00e0 long terme pour Louane, mais ce sont des parcours dont il faut comprendre la difficult\u00e9 et l&#8217;assumer, parce que c&#8217;est bien de notre faute si on est l\u00e0.<\/p>\n<p style=\"text-align: justify\">(Presse) Est ce que la Louane adolescente a des points communs avec Violette ?<\/p>\n<p style=\"text-align: justify\"><a href=\"http:\/\/www.dailydisneyland.com\/wp-content\/uploads\/2018\/06\/20180619_142357-e1530287773412.jpg\"><img loading=\"lazy\" class=\"size-medium wp-image-22919 aligncenter\" src=\"http:\/\/www.dailydisneyland.com\/wp-content\/uploads\/2018\/06\/20180619_142357-e1530287773412-169x300.jpg\" alt=\"\" width=\"169\" height=\"300\"><\/a><\/p>\n<p style=\"text-align: justify\">&#8211; Louane : Moi aujourd&#8217;hui non, mais dans l&#8217;adolescence bien s\u00fbr. C&#8217;est le c\u00f4t\u00e9 rebelle et pas s\u00fbr de soi, et cela se d\u00e9roule particuli\u00e8rement \u00e0 l&#8217;adolescence parce qu&#8217;on a l&#8217;impression que le monde est contre nous.<\/p>\n<p style=\"text-align: justify\">(Presse) G\u00e9rard et Louane, vous qui reprenez des r\u00f4les qui ont d\u00e9j\u00e0 \u00e9t\u00e9 jou\u00e9s par d&#8217;autres, vous inspirez-vous de leur travail ? Comment avez-vous g\u00e9r\u00e9 ce nouveau personnage qui a d\u00e9j\u00e0 \u00e9t\u00e9 interpr\u00e9t\u00e9 par un autre ?<\/p>\n<p style=\"text-align: justify\">&#8211; Louane : On ne peut pas vraiment se calquer sur quelqu&#8217;un, on a des voix trop diff\u00e9rentes des acteurs qui ont \u00e9t\u00e9 l\u00e0 avant nous. J&#8217;ai donc fait comme si c&#8217;\u00e9tait la premi\u00e8re fois que Violette existait alors que \u00e7a n&#8217;\u00e9tait pas le cas, la personne qui m&#8217;a le plus aid\u00e9 c&#8217;\u00e9tait Barbara, la directrice artistique, je crois.<\/p>\n<p style=\"text-align: justify\">&#8211; G\u00e9rard Lanvin : Et bien moi j&#8217;en suis s\u00fbr. Un grand merci pour Barbara qui est quelqu&#8217;un de formidable, et les autres qui nous ont aid\u00e9. Nous sommes enferm\u00e9s dans le noir pendant trois jours avec des gens qui savent ce qu&#8217;ils veulent obtenir. En cela, il ne faut jamais aller vers les trucs d&#8217;origine. C&#8217;est comme les remakes de films qui&nbsp; se calquent trop sur celui d&#8217;origine, il sont souvent rat\u00e9s. On nous ne demande pas l&#8217;identique, donc, \u00e0 partir \u00e7a c&#8217;est \u00e0 vous de cr\u00e9er une&nbsp;expression \u00e0 partir de vos \u00e9motions et de votre personnalit\u00e9. Pour la voix, il a fallu la travailler un peu, faire correspondre l\u2019intonation de la voix avec le physique du personnage. Comme Amanda, j&#8217;esp\u00e8re que l&#8217;on va pas devoir attendre 14 ans pour en faire un troisi\u00e8me car on sera dans un endroit o\u00f9 l&#8217;on nous foutra vraiment la paix (rires).<\/p>\n<p style=\"text-align: justify\">&#8211; Amanda Lear : C&#8217;est vrai que l&#8217;on ne recherche pas \u00e0 imiter totalement la voix originale, c&#8217;est avec notre caract\u00e8re que l&#8217;on essaie de rentrer dans les intentions du personnage.<\/p>\n<p style=\"text-align: justify\">&#8211; G\u00e9rard Lanvin : Il est plus facile de jouer un r\u00f4le au cin\u00e9ma car on doit contr\u00f4ler l&#8217;image, le texte et le rythme sans jamais avoir eu le moindre contact avec le truc. L\u2019\u0153il doit passer sur des images anim\u00e9es aussi pr\u00e9cises, il faut alors \u00eatre tr\u00e8s attentif au jeu du personnage. Au contraire, dans <em>L&#8217;Age de Glace<\/em> o\u00f9 Manny a une trompe c\u2019\u00e9tait plus facile alors qu&#8217;avec Les Indestructibles, il faut travailler avec les mouvements de l\u00e8vres, c&#8217;est un gros travail de com\u00e9dien.<\/p>\n<p style=\"text-align: justify\">&#8211; Amanda Lear : Ce n&#8217;est pas comme au th\u00e9\u00e2tre o\u00f9 l&#8217;on a des r\u00e9p\u00e9tions pour rentrer dans le personnage, l\u00e0 c&#8217;est imm\u00e9diat, il faut \u00eatre bon d\u00e8s les premi\u00e8res prises.<\/p>\n<p style=\"text-align: justify\">(Presse) La morale de l&#8217;histoire, c&#8217;est le fait que l&#8217;on a besoin de super-h\u00e9ros pour que le monde tourne. Dans la vie r\u00e9elle, en a-t-on aussi besoin ?<\/p>\n<p style=\"text-align: justify\">&#8211; Louane : Moi je pense&nbsp;plut\u00f4t que la morale de l&#8217;histoire c&#8217;est&nbsp;que sans famille, la fin serait moins r\u00e9jouissante. Evidemment \u00e7a tourne autour des super-h\u00e9ros puisque c&#8217;est le th\u00e8me du film mais moi je pense que la vraie situation du film c&#8217;est \u00e0 quel point la famille c&#8217;est important et comment on peut compter les uns sur les autres. Le vrai message du film c&#8217;est pas que les super-h\u00e9ros rendent la vie meilleure, c&#8217;est que ensemble, on peut rendre la vie meilleure.<\/p>\n<p style=\"text-align: justify\">(Presse) Est ce que vous pr\u00e9f\u00e9rez la famille B\u00e9lier ou la famille des Indestructibles ?<\/p>\n<p style=\"text-align: justify\">&#8211; Louane : Je vais vous r\u00e9pondre honn\u00eatement, je n&#8217;ai pas de pr\u00e9f\u00e9rence. Ce que j&#8217;aime en g\u00e9n\u00e9ral c&#8217;est la famille.<\/p>\n<p style=\"text-align: justify\">(Presse) Pour revenir sur ce que disait G\u00e9rard Lanvin, est ce que lorsque vous jouer des voix, vous avez le sentiment d&#8217;avoir plus ou moins de contraintes et de libert\u00e9s ?&nbsp;<\/p>\n<p style=\"text-align: justify\">&#8211; G\u00e9rard Lanvin : On a plus de contraintes, \u00e7a c&#8217;est clair. Au cin\u00e9ma, les acteurs travaillent avec leurs personnalit\u00e9s, il y a des attitudes \u00e0 avoir ou non, alors que&nbsp;pour les dessins anim\u00e9s, il n&#8217;y a pas d&#8217;attitude \u00e0 avoir. Le probl\u00e8me, c&#8217;est la technicit\u00e9 \u00e0 comprendre et d&#8217;avoir le sens du jeu. En fait, c&#8217;est assez difficile par rapport au m\u00e9tier d&#8217;acteur devant une cam\u00e9ra, je pense que c&#8217;est plus pointu comme travail.<\/p>\n<p style=\"text-align: justify\">(Presse) Je voulais savoir si le message de tol\u00e9rance et d&#8217;acceptation de l&#8217;autre vous tiens particuli\u00e8rement \u00e0 c\u0153ur. Et pour Amanda, est ce que vous avez d\u00e9j\u00e0 crois\u00e9 durant votre carri\u00e8re des personnes de la mode assez acide,&nbsp;comme Edna ?<\/p>\n<p style=\"text-align: justify\">&#8211; Louane : (Rires) Tout les jours !<\/p>\n<p style=\"text-align: justify\">&#8211; Amanda : On en croise souvent des bonnes femmes comme \u00e7a, des madames je-sais-tout, \u00e7a il y en a un petit peu partout. C&#8217;est un personnage f\u00e9minin que l&#8217;on trouve de plus en plus de nos soci\u00e9t\u00e9 et pas seulement dans la mode mais aussi dans le business, la restauration&#8230; Pour la tol\u00e9rance, les super-h\u00e9ros ont \u00e9t\u00e9 mis \u00e0 l&#8217;\u00e9cart dans ce film, comme des gens anormaux, on ne veut pas les voir, on essaye dans ce film de les sortir de leur cachette. C&#8217;est en quelque sorte ce qui se passe aujourd&#8217;hui avant les gens &#8220;diff\u00e9rents&#8221;, on les cache, et c&#8217;est tr\u00e8s bien d&#8217;en parler. Vous savez, je pense que les Pixar suivent beaucoup la soci\u00e9t\u00e9 et l&#8217;actualit\u00e9.<\/p>\n<p style=\"text-align: justify\">&#8211; Louane : Il y a cela pour les super-h\u00e9ros mais aussi pour mon personnage. Le fait d&#8217;\u00eatre d\u00e9masqu\u00e9, d\u2019avoir une double identit\u00e9, il y a un vrai message d&#8217;acceptation de soi en plus d&#8217;un message de l&#8217;acceptation de l&#8217;autre. C&#8217;est un message pour les enfants mais aussi pour les adultes, il faut accepter les diff\u00e9rences sans juger les gens. C&#8217;est un message humaniste et c&#8217;est assez fort pour un film d&#8217;animation de se dire que m\u00eame ce genre de choses passent par l&#8217;\u00e9ducation pour les enfants, c&#8217;est assez touchant.<\/p>\n<p style=\"text-align: justify\">(Presse) Voyez-vous ce film comme un film f\u00e9ministe dans la mesure o\u00f9 l&#8217;h\u00e9ro\u00efne est une femme et que l&#8217;homme est au foyer ?<\/p>\n<p style=\"text-align: justify\">&#8211; Amanda Lear : Oui c&#8217;est vrai que pour la premi\u00e8re fois, le super-h\u00e9ros est au ch\u00f4mage et s&#8217;occupe des enfants au foyer tandis que c&#8217;est sa femme qui part en mission et travaille. Il est vrai que cela est nouveau puisque jusqu&#8217;\u00e0 pr\u00e9sent, c&#8217;\u00e9tait plut\u00f4t le contraire.&nbsp;<\/p>\n<p style=\"text-align: justify\">&#8211; Louane : Je ne pense pas qu&#8217;il soit vraiment f\u00e9ministe mais plut\u00f4t humaniste, cela permet de montrer au gens qu&#8217;il y a des familles diff\u00e9rentes et qu&#8217;en 2018 ce n&#8217;est plus la m\u00e8re \u00e0 la maison et le p\u00e8re qui travaille mais qu&#8217;il y a plein de types et de sch\u00e9mas de familles diff\u00e9rentes. Je pense que ce n&#8217;est pas vraiment f\u00e9ministe, je pense que c&#8217;est plus large, il y a un c\u00f4t\u00e9 d&#8217;\u00e9galitariste qui est presque omnipr\u00e9sent car on n&#8217;est pas pour un pouvoir aux femmes mais un partage des t\u00e2ches.<\/p>\n<p style=\"text-align: justify\">(Presse) Je reviens au travail technique dont parlait G\u00e9rard, est ce que vous bouger lorsque vous faites les voix, et pouvez vous nous en dire plus sur votre travail pour ajuster votre voix ?<\/p>\n<p style=\"text-align: justify\">&#8211; G\u00e9rard Lanvin : Il n&#8217;y a pas de truc particulier, c&#8217;est un travail que l&#8217;on fait ensemble, en \u00e9quipe. On arrive \u00e0 trouver le ton exacte au bout d&#8217;un moment, puis apr\u00e8s c&#8217;est bon, on a le personnage. On ne d\u00e9couvre rien avant, on d\u00e9couvre vraiment tout le jour o\u00f9 l&#8217;on arrive, ce serait int\u00e9ressant d&#8217;avoir&nbsp;le film une semaine avant juste pour regarder les expressions parce qu&#8217;entre le rythme et les expressions, on n&#8217;a pas le temps car on est concentr\u00e9 sur du jeu qu&#8217;il faut saisir furtivement. On ne voit pas du tout le film avant, et on le voit en anglais, c&#8217;est \u00e0 dire que le personnage de Louane, je l&#8217;ai entendu en anglais lors de l\u2019enregistrement, alors qu&#8217;Amanda je l&#8217;ai entendu avec sa voix.<\/p>\n<p style=\"text-align: justify\"><a href=\"http:\/\/www.dailydisneyland.com\/wp-content\/uploads\/2018\/06\/20180619_142355-e1530287753260.jpg\"><img loading=\"lazy\" class=\"size-medium wp-image-22918 aligncenter\" src=\"http:\/\/www.dailydisneyland.com\/wp-content\/uploads\/2018\/06\/20180619_142355-e1530287753260-169x300.jpg\" alt=\"\" width=\"169\" height=\"300\"><\/a><\/p>\n<p style=\"text-align: justify\">&#8211; Louane : Moi je vous ai entendu, je suis la derni\u00e8re \u00e0 avoir fait le doublage donc j&#8217;ai eu cette chance.<\/p>\n<p style=\"text-align: justify\">&#8211; G\u00e9rard Lanvin : On ne sait pas comment l&#8217;autre va r\u00e9pondre, on a d\u00e9couvert tout \u00e7a dimanche (lors de l&#8217;avant-premi\u00e8re fran\u00e7aise), si oui ou non on avait bien travaill\u00e9. Mais gr\u00e2ce \u00e0 Dieu, on a \u00e9t\u00e9 rassur\u00e9 par les gens qui ont travaill\u00e9 avec nous, qui sont d&#8217;une telle g\u00e9n\u00e9rosit\u00e9 et d&#8217;un professionnalisme que l&#8217;on ne peut que leur faire confiance. On a besoin d&#8217;eux dans n&#8217;importe quelle situation. Ils nous dirigeaient vers ce qu&#8217;ils id\u00e9alisaient le plus chez nous,&nbsp;par exemple je ne prenais pas la voix que j&#8217;ai, qui est celle de tout les jours : la clope, les \u00e9nervements&#8230;&nbsp;Ce qui nous transforme la voix et la rend grave. Pour moi, il a alors fallu remonter dans les m\u00e9diums, apr\u00e8s on chope le personnage et la voix devient naturelle. Pour donner l&#8217;\u00e9nergie, on bouge en m\u00eame temps que le personnage.<\/p>\n<p style=\"text-align: justify\">&#8211; Louane : Moi je faisais des champs de force tout le temps. Lorsque Violette fait un champs de force elle a un cri particulier, tandis que lorsqu&#8217;elle se prend un coup, c&#8217;est presque le m\u00eame bruit mais l\u00e9g\u00e8rement diff\u00e9rent.<\/p>\n<p style=\"text-align: justify\">&#8211; Amanda Lear : Oui, toutes les petites onomatop\u00e9es sont tr\u00e8s difficiles \u00e0 faire.<\/p>\n<p style=\"text-align: justify\">(Presse) Merci beaucoup pour ces petits secrets de fabrication, merci \u00e0 tout les trois.<\/p>\n<p style=\"text-align: justify\">&#8211; G\u00e9rard Lanvin : Moi je propose \u00e0 Disney de faire une petite formation sur le doublage. Ils pourraient s&#8217;amuser en famille \u00e0 faire le doublage du film. (Rires)<\/p>\n<p style=\"text-align: justify\">&#8211; Louane : Ce serait g\u00e9nial ! On d\u00e9pose le brevet. (Rires)<\/p>\n","protected":false},"excerpt":{"rendered":"<p>Nous avons eu la chance de pouvoir participer \u00e0 deux \u00e9v\u00e9nements presses \u00e0 propos du dernier-n\u00e9 des studios Pixar : Les Indestructibles 2 ! Ainsi, le 14 juin 2018, nous avons pu rencontrer Brad Bird (r\u00e9alisateur), Nicole Paradis Grindle (productrice) [&hellip;]<\/p>\n","protected":false},"author":1,"featured_media":22914,"comment_status":"open","ping_status":"open","sticky":false,"template":"","format":"standard","meta":[],"categories":[12,23],"tags":[111,240,327,533,662,766,930,947,1195,1208],"_links":{"self":[{"href":"https:\/\/guide-disneyland.com\/index.php\/wp-json\/wp\/v2\/posts\/22897"}],"collection":[{"href":"https:\/\/guide-disneyland.com\/index.php\/wp-json\/wp\/v2\/posts"}],"about":[{"href":"https:\/\/guide-disneyland.com\/index.php\/wp-json\/wp\/v2\/types\/post"}],"author":[{"embeddable":true,"href":"https:\/\/guide-disneyland.com\/index.php\/wp-json\/wp\/v2\/users\/1"}],"replies":[{"embeddable":true,"href":"https:\/\/guide-disneyland.com\/index.php\/wp-json\/wp\/v2\/comments?post=22897"}],"version-history":[{"count":0,"href":"https:\/\/guide-disneyland.com\/index.php\/wp-json\/wp\/v2\/posts\/22897\/revisions"}],"wp:featuredmedia":[{"embeddable":true,"href":"https:\/\/guide-disneyland.com\/index.php\/wp-json\/wp\/v2\/media\/22914"}],"wp:attachment":[{"href":"https:\/\/guide-disneyland.com\/index.php\/wp-json\/wp\/v2\/media?parent=22897"}],"wp:term":[{"taxonomy":"category","embeddable":true,"href":"https:\/\/guide-disneyland.com\/index.php\/wp-json\/wp\/v2\/categories?post=22897"},{"taxonomy":"post_tag","embeddable":true,"href":"https:\/\/guide-disneyland.com\/index.php\/wp-json\/wp\/v2\/tags?post=22897"}],"curies":[{"name":"wp","href":"https:\/\/api.w.org\/{rel}","templated":true}]}}