{"id":14289,"date":"2017-09-15T00:25:49","date_gmt":"2017-09-14T23:25:49","guid":{"rendered":"http:\/\/www.dailydisneyland.com\/?p=14289"},"modified":"2017-09-15T00:25:49","modified_gmt":"2017-09-14T23:25:49","slug":"bilan-de-la-soiree-dinauguration-du-rendez-vous-gourmand-de-disneyland-paris","status":"publish","type":"post","link":"https:\/\/guide-disneyland.com\/index.php\/2017\/09\/15\/bilan-de-la-soiree-dinauguration-du-rendez-vous-gourmand-de-disneyland-paris\/","title":{"rendered":"Bilan de la soir\u00e9e d&#8217;inauguration du Rendez-Vous Gourmand de Disneyland Paris"},"content":{"rendered":"<p align=\"justify\"><span style=\"color: #333333\"><span style=\"font-family: Georgia, 'Times New Roman', 'Bitstream Charter', Times, serif\"><span style=\"font-size: medium\">Ce jeudi 7 septembre 2017, au cr\u00e9puscule, nous avons eu la chance de vivre en avant-premi\u00e8re la premi\u00e8re \u00e9dition du Rendez-Vous Gourmand de Disneyland Paris ! Pour rappel, cet \u00e9v\u00e9nement est inspir\u00e9 du&nbsp;Food &amp; Wine Festival d&#8217;EPCOT (parc du Walt Disney World \u00e0 Orlando) et nous propose de d\u00e9couvrir les vari\u00e9t\u00e9s de la gastronomie fran\u00e7aise \u00e0 travers diff\u00e9rents chalets (repr\u00e9sentant chacun une r\u00e9gion). Ce Rendez-Vous Gourmand se d\u00e9roulera du 8 au 24 septembre 2017. Nous vous invitons \u00e0 d\u00e9couvrir le d\u00e9roul\u00e9 de cette inauguration et notre avis sur cet \u00e9v\u00e9nement.&nbsp;<\/span><\/span><\/span><\/p>\n<p><img loading=\"lazy\" class=\"aligncenter\" src=\"http:\/\/www.dailydisneyland.com\/wp-content\/uploads\/2017\/08\/IMG_7522-2-725x1024.jpg\" width=\"387\" height=\"547\"><\/p>\n<h2><strong>Une inauguration p\u00e9tillante<\/strong><\/h2>\n<p align=\"justify\"><span style=\"color: #333333\"><span style=\"font-family: Georgia, 'Times New Roman', 'Bitstream Charter', Times, serif\"><span style=\"font-size: medium\">Il est 19h45, la grande porte centrale du Walt Disney Studios Park s&#8217;ouvre pour laisser passer les heureux invit\u00e9s de cet \u00e9v\u00e9nement presse. Nous marchons alors \u00e0 travers un parc d\u00e9sert et calme (et c&#8217;est d\u00e9j\u00e0 une vraie exp\u00e9rience) pour aller rejoindre la Place de R\u00e9my. L\u00e0, un ruban rouge est plac\u00e9 devant nous tandis que les cuisiniers s&#8217;activent dans les chalets pour fignoler les derniers pr\u00e9paratifs. Un petit orchestre est plac\u00e9 devant ce ruban, nous plongeant ainsi dans l&#8217;ambiance folklorique parisienne.<\/span><\/span><\/span><\/p>\n<p><a href=\"http:\/\/www.dailydisneyland.com\/wp-content\/uploads\/2017\/09\/orcestre.jpg\"><img loading=\"lazy\" class=\"aligncenter wp-image-14423 size-large\" src=\"http:\/\/www.dailydisneyland.com\/wp-content\/uploads\/2017\/09\/orcestre-1024x768.jpg\" alt=\"\" width=\"1024\" height=\"768\"><\/a><\/p>\n<p align=\"justify\"><span style=\"color: #333333\"><span style=\"font-family: Georgia, 'Times New Roman', 'Bitstream Charter', Times, serif\"><span style=\"font-size: medium\">Il appara\u00eet alors deux personnes&nbsp;: Daniel Delcourt (Directeur G\u00e9n\u00e9ral Adjoint de&nbsp;Disneyland Paris) et&nbsp;Laura Janice Gedigk (Ambassadrice 2017-2018 de Disneyland Paris). Daniel Delcourt nous souhaite alors la bienvenue et nous annonce l&#8217;arriv\u00e9e d&#8217;une femme charmante et p\u00e9tillante : Catherine Powell, pr\u00e9sidente de Disneyland Paris ! Une autre femme toute&nbsp;aussi p\u00e9tillante fait son entr\u00e9e en sc\u00e8ne, Minnie, qui est tr\u00e8s vite rejoint de Mickey avec une paire de ciseaux pour couper le ruban rouge. Catherine Powell coupe alors le ruban en d\u00e9clarant &#8220;notre Rendez-Vous Gourmand de Disneyland Paris, le premier, officiellement ouvert&#8221; et lance ainsi son inauguration !<\/span><\/span><\/span><\/p>\n<p><a href=\"http:\/\/www.dailydisneyland.com\/wp-content\/uploads\/2017\/09\/1.jpg\"><img loading=\"lazy\" class=\"aligncenter wp-image-14424 size-large\" src=\"http:\/\/www.dailydisneyland.com\/wp-content\/uploads\/2017\/09\/1-1024x657.jpg\" alt=\"\" width=\"1024\" height=\"657\"><\/a><\/p>\n<p><a href=\"http:\/\/www.dailydisneyland.com\/wp-content\/uploads\/2017\/09\/Powell.png\"><img loading=\"lazy\" class=\"wp-image-14425 size-full\" src=\"http:\/\/www.dailydisneyland.com\/wp-content\/uploads\/2017\/09\/Powell.png\" alt=\"\" width=\"928\" height=\"420\"><\/a><\/p>\n<p><a href=\"http:\/\/www.dailydisneyland.com\/wp-content\/uploads\/2017\/09\/ruban.png\"><img loading=\"lazy\" class=\"wp-image-14426 size-full\" src=\"http:\/\/www.dailydisneyland.com\/wp-content\/uploads\/2017\/09\/ruban.png\" alt=\"\" width=\"674\" height=\"397\"><\/a><\/p>\n<p>On suit alors Mickey et Minnie (suivis par une foule de photographes) pour d\u00e9couvrir chaque stand qui repr\u00e9sente les r\u00e9gions suivantes :&nbsp;<\/p>\n<ul>\n<li>R\u00e9gion Alsace<\/li>\n<\/ul>\n<p><a href=\"http:\/\/www.dailydisneyland.com\/wp-content\/uploads\/2017\/09\/Alsace-1.jpg\"><img loading=\"lazy\" class=\"wp-image-14417 size-full\" src=\"http:\/\/www.dailydisneyland.com\/wp-content\/uploads\/2017\/09\/Alsace-1.jpg\" alt=\"\" width=\"720\" height=\"960\"><\/a><\/p>\n<p><a href=\"http:\/\/www.dailydisneyland.com\/wp-content\/uploads\/2017\/09\/4-1.jpg\"><img loading=\"lazy\" class=\"wp-image-14272 size-large\" src=\"http:\/\/www.dailydisneyland.com\/wp-content\/uploads\/2017\/09\/4-1-1024x768.jpg\" alt=\"\" width=\"1024\" height=\"768\"><\/a><\/p>\n<ul>\n<li>R\u00e9gion Savoie<\/li>\n<\/ul>\n<p><a href=\"http:\/\/www.dailydisneyland.com\/wp-content\/uploads\/2017\/09\/avoie.jpg\"><img loading=\"lazy\" class=\"wp-image-14418 size-full\" src=\"http:\/\/www.dailydisneyland.com\/wp-content\/uploads\/2017\/09\/avoie.jpg\" alt=\"\" width=\"720\" height=\"960\"><\/a><\/p>\n<p><a href=\"http:\/\/www.dailydisneyland.com\/wp-content\/uploads\/2017\/09\/6.jpg\"><img loading=\"lazy\" class=\"wp-image-14274 size-large\" src=\"http:\/\/www.dailydisneyland.com\/wp-content\/uploads\/2017\/09\/6-1024x768.jpg\" alt=\"\" width=\"1024\" height=\"768\"><\/a><\/p>\n<ul>\n<li>R\u00e9gion Bourgogne<\/li>\n<\/ul>\n<p><a href=\"http:\/\/www.dailydisneyland.com\/wp-content\/uploads\/2017\/09\/bourgogne.jpg\"><img loading=\"lazy\" class=\"wp-image-14419 size-full\" src=\"http:\/\/www.dailydisneyland.com\/wp-content\/uploads\/2017\/09\/bourgogne.jpg\" alt=\"\" width=\"720\" height=\"960\"><\/a><\/p>\n<p><a href=\"http:\/\/www.dailydisneyland.com\/wp-content\/uploads\/2017\/09\/saucisson.jpg\"><img loading=\"lazy\" class=\"wp-image-14428 size-full\" src=\"http:\/\/www.dailydisneyland.com\/wp-content\/uploads\/2017\/09\/saucisson.jpg\" alt=\"\" width=\"960\" height=\"720\"><\/a><\/p>\n<ul>\n<li>R\u00e9gion Sud de la France (Corse comprise)<\/li>\n<\/ul>\n<p><a href=\"http:\/\/www.dailydisneyland.com\/wp-content\/uploads\/2017\/09\/suf.jpg\"><img loading=\"lazy\" class=\"wp-image-14420 size-full\" src=\"http:\/\/www.dailydisneyland.com\/wp-content\/uploads\/2017\/09\/suf.jpg\" alt=\"\" width=\"720\" height=\"960\"><\/a><\/p>\n<p><a href=\"http:\/\/www.dailydisneyland.com\/wp-content\/uploads\/2017\/09\/tarte.jpg\"><img loading=\"lazy\" class=\"wp-image-14429 size-full\" src=\"http:\/\/www.dailydisneyland.com\/wp-content\/uploads\/2017\/09\/tarte.jpg\" alt=\"\" width=\"633\" height=\"503\"><\/a><\/p>\n<ul>\n<li>R\u00e9gion Bordeaux<\/li>\n<\/ul>\n<p><a href=\"http:\/\/www.dailydisneyland.com\/wp-content\/uploads\/2017\/09\/ordeaux.jpg\"><img loading=\"lazy\" class=\"wp-image-14421 size-full\" src=\"http:\/\/www.dailydisneyland.com\/wp-content\/uploads\/2017\/09\/ordeaux.jpg\" alt=\"\" width=\"638\" height=\"904\"><\/a><\/p>\n<p><a href=\"http:\/\/www.dailydisneyland.com\/wp-content\/uploads\/2017\/09\/bordeaux.jpg\"><img loading=\"lazy\" class=\"aligncenter wp-image-14430 size-large\" src=\"http:\/\/www.dailydisneyland.com\/wp-content\/uploads\/2017\/09\/bordeaux-1024x768.jpg\" alt=\"\" width=\"1024\" height=\"768\"><\/a><\/p>\n<ul>\n<li>R\u00e9gion Bretagne<\/li>\n<\/ul>\n<p><a href=\"http:\/\/www.dailydisneyland.com\/wp-content\/uploads\/2017\/09\/bretagne.jpg\"><img loading=\"lazy\" class=\"wp-image-14422 size-full\" src=\"http:\/\/www.dailydisneyland.com\/wp-content\/uploads\/2017\/09\/bretagne.jpg\" alt=\"\" width=\"649\" height=\"912\"><\/a><\/p>\n<p><a href=\"http:\/\/www.dailydisneyland.com\/wp-content\/uploads\/2017\/09\/bretagne-1.jpg\"><img loading=\"lazy\" class=\"wp-image-14442 size-large\" src=\"http:\/\/www.dailydisneyland.com\/wp-content\/uploads\/2017\/09\/bretagne-1-1024x474.jpg\" alt=\"\" width=\"1024\" height=\"474\"><\/a><\/p>\n<p align=\"justify\"><span style=\"color: #333333\"><span style=\"font-family: Georgia, 'Times New Roman', 'Bitstream Charter', Times, serif\"><span style=\"font-size: medium\">Nous pouvons alors go\u00fbter \u00e0 volont\u00e9 tout ce que nous souhaitons (sauf le caviar, il ne faut pas abuser). L&#8217;orchestre joue de la musique sur la place tout le long de la soir\u00e9e. L&#8217;attraction <em>Ratatouille : L&#8217;Aventure totalement toqu\u00e9e de R\u00e9my<\/em> est ouverte une bonne partie de cette&nbsp;soir\u00e9e et affiche une file d&#8217;attente de 0 minutes (un vrai plaisir) ! De plus, Cyril, le sculpteur de past\u00e8ques est \u00e9galement pr\u00e9sent avec des past\u00e8ques repr\u00e9sentant des r\u00e9gions mais aussi de la sculpture sur pomme. Les festivit\u00e9s se terminent&nbsp;\u00e0 22h, pour rouvrir le lendemain au grand public&#8230;<\/span><\/span><\/span><\/p>\n<p><a href=\"http:\/\/www.dailydisneyland.com\/wp-content\/uploads\/2017\/09\/7.jpg\"><img loading=\"lazy\" class=\"wp-image-14432 size-large\" src=\"http:\/\/www.dailydisneyland.com\/wp-content\/uploads\/2017\/09\/7-1024x768.jpg\" alt=\"\" width=\"1024\" height=\"768\"><\/a><\/p>\n<p><a href=\"http:\/\/www.dailydisneyland.com\/wp-content\/uploads\/2017\/09\/past\u00e8que.jpg\"><img loading=\"lazy\" class=\"wp-image-14433 size-large\" src=\"http:\/\/www.dailydisneyland.com\/wp-content\/uploads\/2017\/09\/past\u00e8que-1024x534.jpg\" alt=\"\" width=\"1024\" height=\"534\"><\/a><\/p>\n<p><a href=\"http:\/\/www.dailydisneyland.com\/wp-content\/uploads\/2017\/09\/ratatouille.jpg\"><img loading=\"lazy\" class=\"wp-image-14434 size-full\" src=\"http:\/\/www.dailydisneyland.com\/wp-content\/uploads\/2017\/09\/ratatouille.jpg\" alt=\"\" width=\"977\" height=\"567\"><\/a><\/p>\n<h2><strong>Notre avis sur ce premier Rendez-Vous Gourmand<\/strong><\/h2>\n<p align=\"justify\"><span style=\"color: #333333\"><span style=\"font-family: Georgia, 'Times New Roman', 'Bitstream Charter', Times, serif\"><span style=\"font-size: medium\">Nous allons commencer du plus large et terminer par le plus petit, donc de l&#8217;organisation de ces chalets, aux chalets eux-m\u00eames et enfin de ce que l&#8217;on trouve dans nos assiettes. Tout d&#8217;abord, les diff\u00e9rents chalets s&#8217;int\u00e8grent \u00e0 merveille aux d\u00e9cors de la Place de R\u00e9my et \u00e0 son ambiance. De plus, ils ne procurent aucune g\u00e8ne pour les passants. Cependant, ce festival ne peut avoir lieu qu&#8217;en tr\u00e8s basse saison (septembre ou janvier) car, si les chalets ne d\u00e9rangent pas les flux des visiteurs, les files d&#8217;attentes pour les chalets, elles, pourraient \u00eatre une tr\u00e8s grosse g\u00e8ne.<\/span><\/span><\/span><\/p>\n<p align=\"justify\"><a href=\"http:\/\/www.dailydisneyland.com\/wp-content\/uploads\/2017\/09\/1-1.jpg\"><img loading=\"lazy\" class=\"aligncenter wp-image-14446 size-large\" src=\"http:\/\/www.dailydisneyland.com\/wp-content\/uploads\/2017\/09\/1-1-1024x611.jpg\" alt=\"\" width=\"1024\" height=\"611\"><\/a><\/p>\n<p align=\"justify\"><span style=\"color: #333333\"><span style=\"font-family: Georgia, 'Times New Roman', 'Bitstream Charter', Times, serif\"><span style=\"font-size: medium\">Venons ensuite aux chalets. Ils sont tous tr\u00e8s charmants et bien th\u00e9matis\u00e9s. Chacun a sa petite d\u00e9coration pour repr\u00e9senter sa r\u00e9gion. Les diff\u00e9rents plats sont bien expos\u00e9s de fa\u00e7on \u00e0 nous ouvrir l&#8217;app\u00e9tit et une petite vitre devant les aliments est toujours pr\u00e9sente pour l&#8217;hygi\u00e8ne. Puisque nous parlons des plats, nous en profitons pour vous dire qu&#8217;ils sont tr\u00e8s savoureux ! F\u00e9licitations aux chefs pour le travail, chaque plat est un r\u00e9gal et il n&#8217;y a rien que nous trouvons &#8220;moyen&#8221;, tout est franchement excellent. Et il en est de m\u00eame pour les vins, nous vous recommandons chaudement le Gewurztraminer d&#8217;Alsace, si vous aimez les vins blancs sucr\u00e9s. Il y a cependant quelques petits couacs au niveau des verres en plastiques car certains fuient, nous esp\u00e9rons que les \u00e9quipes ont rem\u00e9di\u00e9 ou rem\u00e9dieront tr\u00e8s vite \u00e0 ce probl\u00e8me.<\/span><\/span><\/span><\/p>\n<p align=\"justify\"><a href=\"http:\/\/www.dailydisneyland.com\/wp-content\/uploads\/2017\/09\/2.jpg\"><img loading=\"lazy\" class=\"aligncenter wp-image-14447 size-large\" src=\"http:\/\/www.dailydisneyland.com\/wp-content\/uploads\/2017\/09\/2-1024x593.jpg\" alt=\"\" width=\"1024\" height=\"593\"><\/a><\/p>\n<p align=\"justify\"><span style=\"color: #333333\"><span style=\"font-family: Georgia, 'Times New Roman', 'Bitstream Charter', Times, serif\"><span style=\"font-size: medium\">Ce festival est vraiment tr\u00e8s appr\u00e9ciable pour une autre raison : c&#8217;est que beaucoup de choses sont une premi\u00e8re pour Disneyland Paris ! Pendant tr\u00e8s longtemps, les parcs ne vendaient pas du tout d&#8217;alcool, chose que le parc a corrig\u00e9 rapidement apr\u00e8s son ouverture en 1992, du fait de la forte demande du public europ\u00e9en. Ici, chaque chalet propose du vin (vari\u00e9&nbsp;qui plus est). Les chefs ont essay\u00e9 d&#8217;accorder la plupart des vins et des plats. De plus, la gastronomie fran\u00e7aise est enfin \u00e0 l&#8217;honneur et d&#8217;une tr\u00e8s belle mani\u00e8re puisqu&#8217;elle permet de d\u00e9couvrir les r\u00e9gions fran\u00e7aises, aux touristes \u00e9trangers, \u00e0 travers des plats vari\u00e9s et de tr\u00e8s bonne qualit\u00e9. Il est \u00e0 noter que certaines r\u00e9gions ne sont pas repr\u00e9sent\u00e9es, le Nord-Pas-de-Calais par exemple, cela s&#8217;explique par le manque de place et donc de chalets. Nous esp\u00e9rons que si ce Rendez-Vous Gourmand a de nouveau lieu l&#8217;ann\u00e9e prochaine, d&#8217;autres r\u00e9gions seront mises \u00e0 l&#8217;honneur !<\/span><\/span><\/span><\/p>\n<p align=\"justify\"><a href=\"http:\/\/www.dailydisneyland.com\/wp-content\/uploads\/2017\/09\/3-1.jpg\"><img loading=\"lazy\" class=\"aligncenter wp-image-14448 size-full\" src=\"http:\/\/www.dailydisneyland.com\/wp-content\/uploads\/2017\/09\/3-1.jpg\" alt=\"\" width=\"960\" height=\"720\"><\/a><\/p>\n<p align=\"justify\"><span style=\"font-size: medium\"><strong><span style=\"color: #333333\"><span style=\"font-family: Georgia, 'Times New Roman', 'Bitstream Charter', Times, serif\">En conclusion, ce premier Rendez-Vous Gourmand est une vraie r\u00e9ussite ! La nourriture est vari\u00e9e et de bonne qualit\u00e9, les r\u00e9gions sont tr\u00e8s bien repr\u00e9sent\u00e9es et le festival est bien am\u00e9nag\u00e9. Nous esp\u00e9rons fortement que cet \u00e9v\u00e9nement se r\u00e9p\u00e9tera l&#8217;ann\u00e9e prochaine. Nous remercions chaleureusement Disneyland Paris et plus sp\u00e9cialement Mathias Dugoujon pour leur invitation \u00e0 ce merveilleux \u00e9v\u00e8nement.<\/span><\/span><\/strong><\/span><\/p>\n<p><a href=\"http:\/\/www.dailydisneyland.com\/wp-content\/uploads\/2017\/09\/4-2.jpg\"><img loading=\"lazy\" class=\"wp-image-14449 size-large\" src=\"http:\/\/www.dailydisneyland.com\/wp-content\/uploads\/2017\/09\/4-2-1024x741.jpg\" alt=\"\" width=\"1024\" height=\"741\"><\/a><\/p>\n<p>&nbsp;<\/p>\n","protected":false},"excerpt":{"rendered":"<p>Ce jeudi 7 septembre 2017, au cr\u00e9puscule, nous avons eu la chance de vivre en avant-premi\u00e8re la premi\u00e8re \u00e9dition du Rendez-Vous Gourmand de Disneyland Paris ! Pour rappel, cet \u00e9v\u00e9nement est inspir\u00e9 du&nbsp;Food &amp; Wine Festival d&#8217;EPCOT (parc du Walt [&hellip;]<\/p>\n","protected":false},"author":1,"featured_media":14440,"comment_status":"open","ping_status":"open","sticky":false,"template":"","format":"standard","meta":[],"categories":[14,19],"tags":[50,64,285,359,471,550,1139,1198,1251,1274],"_links":{"self":[{"href":"https:\/\/guide-disneyland.com\/index.php\/wp-json\/wp\/v2\/posts\/14289"}],"collection":[{"href":"https:\/\/guide-disneyland.com\/index.php\/wp-json\/wp\/v2\/posts"}],"about":[{"href":"https:\/\/guide-disneyland.com\/index.php\/wp-json\/wp\/v2\/types\/post"}],"author":[{"embeddable":true,"href":"https:\/\/guide-disneyland.com\/index.php\/wp-json\/wp\/v2\/users\/1"}],"replies":[{"embeddable":true,"href":"https:\/\/guide-disneyland.com\/index.php\/wp-json\/wp\/v2\/comments?post=14289"}],"version-history":[{"count":0,"href":"https:\/\/guide-disneyland.com\/index.php\/wp-json\/wp\/v2\/posts\/14289\/revisions"}],"wp:featuredmedia":[{"embeddable":true,"href":"https:\/\/guide-disneyland.com\/index.php\/wp-json\/wp\/v2\/media\/14440"}],"wp:attachment":[{"href":"https:\/\/guide-disneyland.com\/index.php\/wp-json\/wp\/v2\/media?parent=14289"}],"wp:term":[{"taxonomy":"category","embeddable":true,"href":"https:\/\/guide-disneyland.com\/index.php\/wp-json\/wp\/v2\/categories?post=14289"},{"taxonomy":"post_tag","embeddable":true,"href":"https:\/\/guide-disneyland.com\/index.php\/wp-json\/wp\/v2\/tags?post=14289"}],"curies":[{"name":"wp","href":"https:\/\/api.w.org\/{rel}","templated":true}]}}