{"id":13447,"date":"2017-07-22T15:06:08","date_gmt":"2017-07-22T14:06:08","guid":{"rendered":"http:\/\/www.dailydisneyland.com\/?p=13447"},"modified":"2017-07-22T15:06:08","modified_gmt":"2017-07-22T14:06:08","slug":"bilan-d23-expo-cinema-disney-reserve-jusquen-2019","status":"publish","type":"post","link":"https:\/\/guide-disneyland.com\/index.php\/2017\/07\/22\/bilan-d23-expo-cinema-disney-reserve-jusquen-2019\/","title":{"rendered":"D23 Expo : ce que le Cin\u00e9ma Disney nous r\u00e9serve jusqu&#8217;en 2019 &#8211; Partie 1"},"content":{"rendered":"<p style=\"text-align: justify\">C&#8217;est un rendez-vous incontournable pour les fans Disney, tous les deux ans a lieu la tr\u00e8s c\u00e9l\u00e8bre convention D23 Expo, o\u00f9 des panels de films, s\u00e9ries, parcs Disney et bien plus encore sont organis\u00e9s et c&#8217;est l&#8217;occasion pour la Walt Disney Company de faire de grandes annonces et de d\u00e9voiler ses futurs projets que ce soit pour le cin\u00e9ma, les parcs \u00e0 th\u00e8mes, le merchandising etc&#8230; Des animations pour les fans Disney sont aussi organis\u00e9es. Nous allons aujourd&#8217;hui nous int\u00e9resser aux annonces qui ont \u00e9t\u00e9 faites concernant le cin\u00e9ma d&#8217;animation, les films live-action et des licences Marvel et Star Wars. C&#8217;est parti !<\/p>\n<p><a href=\"http:\/\/www.dailydisneyland.com\/wp-content\/uploads\/2017\/07\/FB_IMG_1500213421231.jpg\"><img loading=\"lazy\" class=\"aligncenter wp-image-13487 size-full\" src=\"http:\/\/www.dailydisneyland.com\/wp-content\/uploads\/2017\/07\/FB_IMG_1500213421231.jpg\" alt=\"\" width=\"640\" height=\"379\"><\/a><\/p>\n<div id=\"attachment_13491\" style=\"width: 618px\" class=\"wp-caption aligncenter\"><a href=\"http:\/\/www.dailydisneyland.com\/wp-content\/uploads\/2017\/07\/FB_IMG_1500213460166.jpg\"><img aria-describedby=\"caption-attachment-13491\" loading=\"lazy\" class=\"wp-image-13491 size-full\" src=\"http:\/\/www.dailydisneyland.com\/wp-content\/uploads\/2017\/07\/FB_IMG_1500213460166.jpg\" alt=\"\" width=\"608\" height=\"403\"><\/a><p id=\"caption-attachment-13491\" class=\"wp-caption-text\">Source : Twitter @McCallTechblog<\/p><\/div>\n<h3 style=\"text-align: center\">Walt Disney Animation Studios&nbsp;<\/h3>\n<p style=\"text-align: justify\">Les Walt Disney Studios, lors de la D23, ont pr\u00e9sent\u00e9 deux films et un court-m\u00e9trage : Les Mondes de Ralph 2, La Reine des Neiges 2 et le court-m\u00e9trage &#8220;La reine des Neiges : Joyeuses f\u00eates avec Olaf&#8221;.<\/p>\n<p><a href=\"http:\/\/www.dailydisneyland.com\/wp-content\/uploads\/2017\/07\/2e275e023ad5f97cbee1373e7f82a0b7.jpg\"><img loading=\"lazy\" class=\"aligncenter wp-image-13492 size-full\" src=\"http:\/\/www.dailydisneyland.com\/wp-content\/uploads\/2017\/07\/2e275e023ad5f97cbee1373e7f82a0b7.jpg\" alt=\"\" width=\"400\" height=\"348\"><\/a><\/p>\n<p><a href=\"http:\/\/www.dailydisneyland.com\/wp-content\/uploads\/2017\/07\/13.jpg\"><img loading=\"lazy\" class=\"aligncenter wp-image-13493\" src=\"http:\/\/www.dailydisneyland.com\/wp-content\/uploads\/2017\/07\/13-1024x640.jpg\" alt=\"\" width=\"799\" height=\"500\"><\/a><\/p>\n<p><a href=\"http:\/\/www.dailydisneyland.com\/wp-content\/uploads\/2017\/07\/olaf1.jpg\"><img loading=\"lazy\" class=\"aligncenter wp-image-13494\" src=\"http:\/\/www.dailydisneyland.com\/wp-content\/uploads\/2017\/07\/olaf1.jpg\" alt=\"\" width=\"800\" height=\"449\"><\/a><\/p>\n<p>&nbsp;<\/p>\n<p style=\"text-align: justify\">La suite des Mondes de Ralph, qui sortira en 2018, a donc \u00e9t\u00e9 pr\u00e9sent\u00e9e pendant la D23 Expo. Durant ce panel, plusieurs informations ont \u00e9t\u00e9 d\u00e9voil\u00e9es sur le film, d&#8217;abord sur le synopsis du film qui a \u00e9t\u00e9 r\u00e9v\u00e9l\u00e9. Les prochaines aventures de Ralph et de Vanellope se passeront dans le monde d&#8217;Internet, les deux h\u00e9ros se retrouveront propuls\u00e9s dans ce monde suite \u00e0 un bug dont souffre le jeu Sugar Rush. Dans leur p\u00e9riple ils feront la connaissance d&#8217;un personnage nomm\u00e9 &#8220;Yesss&#8221;, qui sera doubl\u00e9 par Taraji P. Henson, un algorithme, mais aussi des personnages Disney, Marvel et Star Wars, mais surtout les princesses Disney tels que Belle, M\u00e9rida, Ariel, Vaiana, Pocahontas, Mulan, Anna et Elsa, Jasmine, Tiana et Raiponce. Lors du panel une bande annonce du film a \u00e9t\u00e9 diffus\u00e9e, \u00e9taient pr\u00e9sent les r\u00e9alisateurs Rich Moore et Phil Johnstone mais aussi Sarah Silverman, voix de Vaneloppe qui ont \u00e9t\u00e9 rejoints par les voix am\u00e9ricaines des princesses Disney et qui ont ainsi donc confirm\u00e9 leurs pr\u00e9sences au g\u00e9n\u00e9rique. Un grand rendez-vous de princesses Disney dans l&#8217;histoire des Studios !<\/p>\n<div id=\"attachment_13502\" style=\"width: 810px\" class=\"wp-caption aligncenter\"><a href=\"http:\/\/www.dailydisneyland.com\/wp-content\/uploads\/2017\/07\/700048058TM00130_Disney_s_D-800x400.jpg\"><img aria-describedby=\"caption-attachment-13502\" loading=\"lazy\" class=\"wp-image-13502 size-full\" src=\"http:\/\/www.dailydisneyland.com\/wp-content\/uploads\/2017\/07\/700048058TM00130_Disney_s_D-800x400.jpg\" alt=\"\" width=\"800\" height=\"400\"><\/a><p id=\"caption-attachment-13502\" class=\"wp-caption-text\">De gauche \u00e0 droite : Paige O&#8217;hara (Belle), Irene Bedard (Pocahontas), Mandy Moore (Raiponce), Auli&#8217;i Cravalho (Vaiana), Sarah Silverman (Vanellope), Kristen Bell (Anna), Kelly MacDonald (M\u00e9rida), Anika Noni Rose (Tiana), Linda Larkin (Jasmine), Jodi Benson (Ariel) Source : Inside the Magic<\/p><\/div>\n<p style=\"text-align: justify\">Puis, c&#8217;\u00e9tait au tour du court-m\u00e9trage &#8220;La Reine des Neiges: Joyeuses f\u00eates avec Olaf&#8221; d&#8217;\u00eatre pr\u00e9sent\u00e9. Et pour ce faire Kristen Bell et Josh Gad, voix respectives d&#8217;Anna et d&#8217;Olaf, ont rejoint la sc\u00e8ne pour pr\u00e9senter les nouvelles aventures du bonhomme de neige qui se passe juste apr\u00e8s les \u00e9v\u00e9nements de la Reine des Neiges. Le court-m\u00e9trage qui pr\u00e9c\u00e9dera Coco, comportera 4 nouvelles chansons dont une qui s&#8217;intitule &#8220;That time of Year&#8221;, qui a \u00e9t\u00e9 chant\u00e9 par Josh Gad sur la sc\u00e8ne de la D23. Malheureusement aucune information concernant la suite de La Reine des Neiges n&#8217;a \u00e9t\u00e9 d\u00e9voil\u00e9e, les Studios Disney ont pr\u00e9f\u00e9r\u00e9 rester discrets quant \u00e0 la suite tant attendue qu&#8217;ils pr\u00e9parent.<\/p>\n<div id=\"attachment_13510\" style=\"width: 810px\" class=\"wp-caption aligncenter\"><a href=\"http:\/\/www.dailydisneyland.com\/wp-content\/uploads\/2017\/07\/Screen-Shot-2017-07-15-at-11.25.41-AM-800x400.jpg\"><img aria-describedby=\"caption-attachment-13510\" loading=\"lazy\" class=\"wp-image-13510 size-full\" src=\"http:\/\/www.dailydisneyland.com\/wp-content\/uploads\/2017\/07\/Screen-Shot-2017-07-15-at-11.25.41-AM-800x400.jpg\" alt=\"\" width=\"800\" height=\"400\"><\/a><p id=\"caption-attachment-13510\" class=\"wp-caption-text\">Kristen Bell Source : Inside the Magic<\/p><\/div>\n<h3 style=\"text-align: center\">Pixar Animation Studios<\/h3>\n<p style=\"text-align: justify\">Les Studios \u00e0 la lanterne ont un planning de film bien rempli pour les ann\u00e9es \u00e0 venir, en vue du nombres de films pr\u00e9sent\u00e9s lors de l&#8217;Expo.<\/p>\n<p><a href=\"http:\/\/www.dailydisneyland.com\/wp-content\/uploads\/2017\/07\/026846.jpg\"><img loading=\"lazy\" class=\"aligncenter wp-image-13525\" src=\"http:\/\/www.dailydisneyland.com\/wp-content\/uploads\/2017\/07\/026846-640x1024.jpg\" alt=\"\" width=\"625\" height=\"1000\"><\/a><\/p>\n<p><a href=\"http:\/\/www.dailydisneyland.com\/wp-content\/uploads\/2017\/07\/incredibles-2-concept-art-700x233-630x210.jpg\"><img loading=\"lazy\" class=\"aligncenter wp-image-13512\" src=\"http:\/\/www.dailydisneyland.com\/wp-content\/uploads\/2017\/07\/incredibles-2-concept-art-700x233-630x210.jpg\" alt=\"\" width=\"627\" height=\"209\"><\/a><\/p>\n<p><a href=\"http:\/\/www.dailydisneyland.com\/wp-content\/uploads\/2017\/07\/p12004128_p_v8_aa.jpg\"><img loading=\"lazy\" class=\"aligncenter wp-image-13516\" src=\"http:\/\/www.dailydisneyland.com\/wp-content\/uploads\/2017\/07\/p12004128_p_v8_aa-683x1024.jpg\" alt=\"\" width=\"632\" height=\"948\"><\/a><\/p>\n<p><a href=\"http:\/\/www.dailydisneyland.com\/wp-content\/uploads\/2017\/07\/logopixarfantasymovie.jpg\"><img loading=\"lazy\" class=\"aligncenter wp-image-13515\" src=\"http:\/\/www.dailydisneyland.com\/wp-content\/uploads\/2017\/07\/logopixarfantasymovie-1024x403.jpg\" alt=\"\" width=\"645\" height=\"254\"><\/a><\/p>\n<p>&nbsp;<\/p>\n<p style=\"text-align: justify\">Coco, prochain film des Studios Pixar qui sortira en Novembre prochain, \u00e9tait pr\u00e9sent lors de la D23. L&#8217;occasion de d\u00e9voiler une nouvelle image du film avec un personnage jusque la encore inconnu pr\u00e9nomm\u00e9 Hector. Ce personnage fait partie du Monde des morts et va aider le jeune Miguel dans ses aventures. Les r\u00e9alisateurs Lee Unkrich et Adrian Molina ainsi que la productrice Darla Anderson ont pr\u00e9sent\u00e9 le film et ont \u00e9t\u00e9 rejoints par Anthony Gonzalez et Benjamin Bratt, voix de Miguel et de Hector, pour pr\u00e9senter et interpr\u00e9ter la chanson du film &#8220;Remember Me&#8221;.<\/p>\n<p><a href=\"http:\/\/www.dailydisneyland.com\/wp-content\/uploads\/2017\/07\/cocopromo1.jpg\"><img loading=\"lazy\" class=\"aligncenter wp-image-13513\" src=\"http:\/\/www.dailydisneyland.com\/wp-content\/uploads\/2017\/07\/cocopromo1-1024x586.jpg\" alt=\"\" width=\"800\" height=\"458\"><\/a><\/p>\n<p><div id=\"attachment_13529\" style=\"width: 811px\" class=\"wp-caption aligncenter\"><a href=\"http:\/\/www.dailydisneyland.com\/wp-content\/uploads\/2017\/07\/700048058TM00068_Disney_s_D.jpg\"><img aria-describedby=\"caption-attachment-13529\" loading=\"lazy\" class=\"wp-image-13529\" src=\"http:\/\/www.dailydisneyland.com\/wp-content\/uploads\/2017\/07\/700048058TM00068_Disney_s_D-1024x715.jpg\" alt=\"\" width=\"801\" height=\"559\"><\/a><p id=\"caption-attachment-13529\" class=\"wp-caption-text\">De gauche \u00e0 droite : Lee Unkrich, Adrian Molina et Darla Anderson Source : Inside the Magic<\/p><\/div><br \/>\n<div id=\"attachment_13528\" style=\"width: 810px\" class=\"wp-caption aligncenter\"><a href=\"http:\/\/www.dailydisneyland.com\/wp-content\/uploads\/2017\/07\/700048058TM00028_Disney_s_D.jpg\"><img aria-describedby=\"caption-attachment-13528\" loading=\"lazy\" class=\"wp-image-13528\" src=\"http:\/\/www.dailydisneyland.com\/wp-content\/uploads\/2017\/07\/700048058TM00028_Disney_s_D-1024x683.jpg\" alt=\"\" width=\"800\" height=\"533\"><\/a><p id=\"caption-attachment-13528\" class=\"wp-caption-text\">De gauche \u00e0 droite : Anthony Gonzalez, Benjamin Bratt et John Lasseter Source : Inside the Magic<\/p><\/div><br \/>\n<div id=\"attachment_13526\" style=\"width: 810px\" class=\"wp-caption aligncenter\"><a href=\"http:\/\/www.dailydisneyland.com\/wp-content\/uploads\/2017\/07\/700048058TM00058_Disney_s_D.jpg\"><img aria-describedby=\"caption-attachment-13526\" loading=\"lazy\" class=\"wp-image-13526\" src=\"http:\/\/www.dailydisneyland.com\/wp-content\/uploads\/2017\/07\/700048058TM00058_Disney_s_D-1024x683.jpg\" alt=\"\" width=\"800\" height=\"533\"><\/a><p id=\"caption-attachment-13526\" class=\"wp-caption-text\">Source : Inside the Magic<\/p><\/div><br \/>\n<div id=\"attachment_13527\" style=\"width: 810px\" class=\"wp-caption aligncenter\"><a href=\"http:\/\/www.dailydisneyland.com\/wp-content\/uploads\/2017\/07\/700048058TM00057_Disney_s_D.jpg\"><img aria-describedby=\"caption-attachment-13527\" loading=\"lazy\" class=\"wp-image-13527\" src=\"http:\/\/www.dailydisneyland.com\/wp-content\/uploads\/2017\/07\/700048058TM00057_Disney_s_D-1024x683.jpg\" alt=\"\" width=\"800\" height=\"533\"><\/a><p id=\"caption-attachment-13527\" class=\"wp-caption-text\">Source : Inside the Magic<\/p><\/div><\/p>\n<p style=\"text-align: justify\">C&#8217;est l&#8217;un des films Pixar le plus attendu et il a bien fait parler de lui lors de la D23 Expo, Les Indestructibles 2, qui sortira l&#8217;ann\u00e9e prochaine, a \u00e9t\u00e9 pr\u00e9sent\u00e9 lors de l&#8217;expo par son r\u00e9alisateur Brad Bird et son casting avec Craig T. Nelson, Holly Hunter, Sarah Vowell et Samuel L. Jackson. D&#8217;abord plusieurs informations ont \u00e9t\u00e9 r\u00e9v\u00e9l\u00e9es sur le film, l&#8217;histoire de la suite des Indestructibles prendra place juste pr\u00e8s la fin du premier film o\u00f9 l&#8217;on voyait Jack Jack d\u00e9truire la maison, et sera davantage centr\u00e9 sur&nbsp;Elastigirl. Ensuite une vid\u00e9o a \u00e9t\u00e9 pr\u00e9sent\u00e9e mettant en sc\u00e8ne Edna et son importance pour la mode. &nbsp;Enfin, des tests d&#8217;animations pour les mod\u00e8les de Mr et Mme Indestructibles, Violet, Flash et Jack Jack ont \u00e9t\u00e9 montr\u00e9s &nbsp;au public ainsi qu&#8217;un concept de la nouvelle maison de la famille Indestructibles. Brad Bird a \u00e9galement pr\u00e9cis\u00e9 qu&#8217;il se r\u00e9jouit de travailler sur cette suite puisque certaines choses concernant l&#8217;animation&nbsp;qu&#8217;ils voulaient faire pour les Indestructibles n&#8217;\u00e9taient pas possibles \u00e0 cause des technologies de l&#8217;\u00e9poque. Mais celles ci ont aujourd&#8217;hui \u00e9volu\u00e9 et permettent donc de faire beaucoup plus de choses qu&#8217;avant.<\/p>\n<div id=\"attachment_13531\" style=\"width: 811px\" class=\"wp-caption aligncenter\"><a href=\"http:\/\/www.dailydisneyland.com\/wp-content\/uploads\/2017\/07\/700048058TM00009_Disney_s_D.jpg\"><img aria-describedby=\"caption-attachment-13531\" loading=\"lazy\" class=\"wp-image-13531\" src=\"http:\/\/www.dailydisneyland.com\/wp-content\/uploads\/2017\/07\/700048058TM00009_Disney_s_D-1024x713.jpg\" alt=\"\" width=\"801\" height=\"557\"><\/a><p id=\"caption-attachment-13531\" class=\"wp-caption-text\">De gauche \u00e0 droite : Samuel L. Jackson (Frozone), Huck Milner (Flash), Sarah Vowell (Violette), Holly Hunter (Elastigirl), Craig T. Nelson (Mr Indestructinle) et Brad Bird (r\u00e9alisateur) Source : Inside the Magic<\/p><\/div>\n<p style=\"text-align: justify\">Attendu pour 2019, le prochain film sera cette fois-ci une com\u00e9die romantique il s&#8217;agit bien s\u00fbr de Toy Story 4. Et c&#8217;est Josh Cooley, qui a notamment r\u00e9alis\u00e9 le court-m\u00e9trage &#8220;Vice-Versa : Premier rendez-vous&#8221;, qui prend la place de r\u00e9alisateur du film \u00e0 la place de John Lasseter , il est venu pour l&#8217;occasion et a pr\u00e9sent\u00e9 le film. Une vid\u00e9o making-of a \u00e9t\u00e9 d\u00e9voil\u00e9 o\u00f9 l&#8217;on peut apercevoir quelques nouveaux personnages du film.<\/p>\n<div id=\"attachment_13553\" style=\"width: 720px\" class=\"wp-caption aligncenter\"><a href=\"http:\/\/www.dailydisneyland.com\/wp-content\/uploads\/2017\/07\/700048058TM00070_Disney_s_D.jpg\"><img aria-describedby=\"caption-attachment-13553\" loading=\"lazy\" class=\"wp-image-13553\" src=\"http:\/\/www.dailydisneyland.com\/wp-content\/uploads\/2017\/07\/700048058TM00070_Disney_s_D-710x1024.jpg\" alt=\"\" width=\"710\" height=\"1024\"><\/a><p id=\"caption-attachment-13553\" class=\"wp-caption-text\">Josh Cooley Source : Inside the Magic<\/p><\/div>\n<p style=\"text-align: justify\">Et le dernier film pr\u00e9sent\u00e9 par les Studios Pixar est un tout nouveau projet, qui n&#8217;a pas encore de titre, mais qui promet d\u00e9j\u00e0 d&#8217;\u00eatre tr\u00e8s impressionnant. Ce film nous plongera dans un monde \u00e0 la fois fantastique et moderne, peupl\u00e9&nbsp;de licornes, trolles, elfes etc&#8230; et o\u00f9 la magie existe. Le film retrace l&#8217;histoire de deux fr\u00e8res elfes adolescents qui ont perdu leur p\u00e8re \u00e0 un \u00e2ge si jeune qu&#8217;ils ne se souviennent pas de lui. Mais gr\u00e2ce \u00e0 la magie les deux gar\u00e7ons vont embarquer dans un voyage qui leur permettra de passer une derni\u00e8re journ\u00e9e avec leur d\u00e9funt p\u00e8re. Le film est r\u00e9alis\u00e9 par Dan Scanlon qui a lui aussi perdu son p\u00e8re quand il \u00e9tait petit et s&#8217;est donc inspir\u00e9 de sa propre&nbsp;histoire&nbsp;pour \u00e9crire ce film.<\/p>\n<div id=\"attachment_13555\" style=\"width: 811px\" class=\"wp-caption aligncenter\"><a href=\"http:\/\/www.dailydisneyland.com\/wp-content\/uploads\/2017\/07\/700048058TM00069_Disney_s_D.jpg\"><img aria-describedby=\"caption-attachment-13555\" loading=\"lazy\" class=\"wp-image-13555\" src=\"http:\/\/www.dailydisneyland.com\/wp-content\/uploads\/2017\/07\/700048058TM00069_Disney_s_D-1024x754.jpg\" alt=\"\" width=\"801\" height=\"589\"><\/a><p id=\"caption-attachment-13555\" class=\"wp-caption-text\">Dan Scanlon Source : Inside the Magic<\/p><\/div>\n<h3 style=\"text-align: center\">DisneyToon Studios<\/h3>\n<p><a href=\"http:\/\/www.dailydisneyland.com\/wp-content\/uploads\/2017\/07\/space1.jpg\"><img loading=\"lazy\" class=\"aligncenter wp-image-13556 size-full\" src=\"http:\/\/www.dailydisneyland.com\/wp-content\/uploads\/2017\/07\/space1.jpg\" alt=\"\" width=\"800\" height=\"337\"><\/a><\/p>\n<p style=\"text-align: justify\">Enfin, c&#8217;est une nouvelle qui en a surpris plus d&#8217;un \u00e0 la D23 Expo, les DisneyToon Studios reprennent du service, apr\u00e8s les \u00e9checs financiers de Clochette et de Planes, beaucoup pensaient que c&#8217;\u00e9tait la fin pour cette filiale mais ils reviennent avec un nouveau film in\u00e9dit sur les progr\u00e8s de l&#8217;aviation spatiale, attendu pour Avril 2019 le film est r\u00e9alis\u00e9 par Klay Hall et Bobs Gannaway r\u00e9alisateurs de Planes 1 et 2.&nbsp;<\/p>\n<p style=\"text-align: center\">Coco : 29 Novembre 2017<\/p>\n<p style=\"text-align: center\">La Reine des Neiges : Joyeuses f\u00eates avec Olaf : 29 Novembre 2017<\/p>\n<p style=\"text-align: center\">Les Indestructibles 2 : 4 Juillet 2018<\/p>\n<p style=\"text-align: center\">Les Mondes de Ralph 2 : 28 Novembre 2018<\/p>\n<p style=\"text-align: center\">Film DisneyToon Studios : 10 Avril 2019<\/p>\n<p style=\"text-align: center\">Toy Story 4 : 26 Juin 2019<\/p>\n<p style=\"text-align: center\">La Reine des Neiges 2 : 27 Novembre 2019<\/p>\n<p style=\"text-align: center\">Film Pixar : date non annonc\u00e9e<\/p>\n<p>&nbsp;<\/p>\n","protected":false},"excerpt":{"rendered":"<p>C&#8217;est un rendez-vous incontournable pour les fans Disney, tous les deux ans a lieu la tr\u00e8s c\u00e9l\u00e8bre convention D23 Expo, o\u00f9 des panels de films, s\u00e9ries, parcs Disney et bien plus encore sont organis\u00e9s et c&#8217;est l&#8217;occasion pour la Walt [&hellip;]<\/p>\n","protected":false},"author":1,"featured_media":13564,"comment_status":"open","ping_status":"open","sticky":false,"template":"","format":"standard","meta":[],"categories":[9,12,23],"tags":[313,347,607,609,880,878,930,932,1559],"_links":{"self":[{"href":"https:\/\/guide-disneyland.com\/index.php\/wp-json\/wp\/v2\/posts\/13447"}],"collection":[{"href":"https:\/\/guide-disneyland.com\/index.php\/wp-json\/wp\/v2\/posts"}],"about":[{"href":"https:\/\/guide-disneyland.com\/index.php\/wp-json\/wp\/v2\/types\/post"}],"author":[{"embeddable":true,"href":"https:\/\/guide-disneyland.com\/index.php\/wp-json\/wp\/v2\/users\/1"}],"replies":[{"embeddable":true,"href":"https:\/\/guide-disneyland.com\/index.php\/wp-json\/wp\/v2\/comments?post=13447"}],"version-history":[{"count":0,"href":"https:\/\/guide-disneyland.com\/index.php\/wp-json\/wp\/v2\/posts\/13447\/revisions"}],"wp:featuredmedia":[{"embeddable":true,"href":"https:\/\/guide-disneyland.com\/index.php\/wp-json\/wp\/v2\/media\/13564"}],"wp:attachment":[{"href":"https:\/\/guide-disneyland.com\/index.php\/wp-json\/wp\/v2\/media?parent=13447"}],"wp:term":[{"taxonomy":"category","embeddable":true,"href":"https:\/\/guide-disneyland.com\/index.php\/wp-json\/wp\/v2\/categories?post=13447"},{"taxonomy":"post_tag","embeddable":true,"href":"https:\/\/guide-disneyland.com\/index.php\/wp-json\/wp\/v2\/tags?post=13447"}],"curies":[{"name":"wp","href":"https:\/\/api.w.org\/{rel}","templated":true}]}}